{"id":147298,"date":"2016-01-20T19:40:28","date_gmt":"2016-01-20T18:40:28","guid":{"rendered":"http:\/\/www.fuldaer-nachrichten.de\/?p=147298"},"modified":"2016-01-20T19:40:28","modified_gmt":"2016-01-20T18:40:28","slug":"herzau-schmitt-investiert-250-000-euro-maschinenpark-um-moderne-kantbank-erweitert","status":"publish","type":"post","link":"https:\/\/www.fuldaernachrichten.de\/?p=147298","title":{"rendered":"Herzau &#038; Schmitt investiert 250 000 Euro &#8211; Maschinenpark um moderne Kantbank erweitert"},"content":{"rendered":"<p>Weitere 250 000 Euro hat das Unternehmen Herzau &amp; Schmitt in seinen Maschinenpark und damit in die Zukunft investiert. \u201cMit dieser neuen, mittlerweile dritten Neuinvestition in eine Kantbank innerhalb von zwei Jahren, wird die L\u00fccke zwischen 36 und 320 Tonnen Presskraft geschlossen. Die Kantbank, mit neuester Technik ausgestattet, versetzt uns in die Lage, neue Radien und Schenkell\u00e4ngen zu kanten. Die Vielfalt unseres Angebots erweitert sich und st\u00e4rkt unsere Marktposition im Bereich der Biege- und Kanttechnik\u201c, erl\u00e4utert Gesch\u00e4ftsf\u00fchrer Markus Schmitt. Die 14 Tonnen schwere Maschine &#8211; mit einer Abkantl\u00e4nge von bis zu drei Metern und einer Presskraft von 170 Tonnen -\u00c2\u00a0 wurde von einem deutschen Maschinenbauunternehmen geliefert, mit dem das Unternehmen bereits seit vielen Jahren zusammenarbeitet. \u201eDoch nicht nur Genauigkeit, Pr\u00e4zision und Qualit\u00e4t unserer Produkte wird durch diese Investition erh\u00f6ht, auch der wichtige Aspekt der Sicherheit unserer Mitarbeiter, die t\u00e4glich daran arbeiten, ist in dieser innovativen Technik in hohem Ma\u00dfe ber\u00fccksichtigt\u201c, erkl\u00e4rt Schmitt.<\/p>\n<p>BU Investition in die Zukunft: Einsatz an der neuen Kantbank mit Gesch\u00e4ftsf\u00fchrer Markus Schmitt sowie den Mitarbeitern Grigori Fedorenko und Andreas Becker (von links).<\/p>\n","protected":false},"excerpt":{"rendered":"<div class=\"tmnf_excerpt\"><p>Weitere 250 000 Euro hat das Unternehmen Herzau &amp; Schmitt in seinen Maschinenpark und damit in die Zukunft investiert. \u201cMit dieser neuen, mittlerweile dritten Neuinvestition in eine Kantbank innerhalb von zwei Jahren, wird die L\u00fccke zwischen 36 und 320 Tonnen Presskraft geschlossen. Die Kantbank, mit neuester Technik ausgestattet, versetzt uns in die Lage, neue Radien &hellip;<\/p>\n<\/div>","protected":false},"author":1,"featured_media":147301,"comment_status":"closed","ping_status":"closed","sticky":false,"template":"","format":"standard","meta":{"footnotes":""},"categories":[1],"tags":[],"class_list":["post-147298","post","type-post","status-publish","format-standard","has-post-thumbnail","hentry","category-startseite"],"_links":{"self":[{"href":"https:\/\/www.fuldaernachrichten.de\/index.php?rest_route=\/wp\/v2\/posts\/147298","targetHints":{"allow":["GET"]}}],"collection":[{"href":"https:\/\/www.fuldaernachrichten.de\/index.php?rest_route=\/wp\/v2\/posts"}],"about":[{"href":"https:\/\/www.fuldaernachrichten.de\/index.php?rest_route=\/wp\/v2\/types\/post"}],"author":[{"embeddable":true,"href":"https:\/\/www.fuldaernachrichten.de\/index.php?rest_route=\/wp\/v2\/users\/1"}],"replies":[{"embeddable":true,"href":"https:\/\/www.fuldaernachrichten.de\/index.php?rest_route=%2Fwp%2Fv2%2Fcomments&post=147298"}],"version-history":[{"count":1,"href":"https:\/\/www.fuldaernachrichten.de\/index.php?rest_route=\/wp\/v2\/posts\/147298\/revisions"}],"predecessor-version":[{"id":147302,"href":"https:\/\/www.fuldaernachrichten.de\/index.php?rest_route=\/wp\/v2\/posts\/147298\/revisions\/147302"}],"wp:featuredmedia":[{"embeddable":true,"href":"https:\/\/www.fuldaernachrichten.de\/index.php?rest_route=\/wp\/v2\/media\/147301"}],"wp:attachment":[{"href":"https:\/\/www.fuldaernachrichten.de\/index.php?rest_route=%2Fwp%2Fv2%2Fmedia&parent=147298"}],"wp:term":[{"taxonomy":"category","embeddable":true,"href":"https:\/\/www.fuldaernachrichten.de\/index.php?rest_route=%2Fwp%2Fv2%2Fcategories&post=147298"},{"taxonomy":"post_tag","embeddable":true,"href":"https:\/\/www.fuldaernachrichten.de\/index.php?rest_route=%2Fwp%2Fv2%2Ftags&post=147298"}],"curies":[{"name":"wp","href":"https:\/\/api.w.org\/{rel}","templated":true}]}}