{"id":147291,"date":"2016-01-20T19:39:14","date_gmt":"2016-01-20T18:39:14","guid":{"rendered":"http:\/\/www.fuldaer-nachrichten.de\/?p=147291"},"modified":"2016-01-20T19:39:14","modified_gmt":"2016-01-20T18:39:14","slug":"zwei-millionen-euro-an-foerdermitteln-des-landes-stehen-bereit","status":"publish","type":"post","link":"https:\/\/www.fuldaernachrichten.de\/?p=147291","title":{"rendered":"Zwei Millionen Euro an F\u00f6rdermitteln des Landes stehen bereit"},"content":{"rendered":"<p>Nach Mitteilung des Hessischen Ministeriums f\u00fcr Umwelt, Klimaschutz, Landschaft und Verbraucherschutz stehen im Jahr 2016 f\u00fcr die F\u00f6rderung des behindertengerechten Umbaus von selbstgenutztem Wohneigentum wieder zwei Millionen Euro zur Verf\u00fcgung, die in zwei Tranchen bereitgestellt werden.<\/p>\n<p>Entsprechenden Bauma\u00dfnahmen bis zu Gesamtkosten von h\u00f6chstens 25.000 Euro k\u00f6nnen mit einem Zuschuss von 50 Prozent gef\u00f6rdert werden. F\u00fcr den Umbau beziehungsweise Einbau eines Bads oder einer K\u00fcche stehen jeweils h\u00f6chstens 5.000 Euro, f\u00fcr den Einbau eines Lifts oder einer Aufzuganlage h\u00f6chstens 6.000 Euro sowie f\u00fcr anderen f\u00f6rderf\u00e4hige Ma\u00dfnahmen h\u00f6chstens Euro 2.500 Euro bereit. Wichtig ist, dass nicht begonnen werden darf, bevor die F\u00f6rderung bewilligt ist N\u00e4here Informationen f\u00fcr Vorhaben im Landkreis Fulda erhalten Interessenten vom Fachdienst Bauen und Wohnen der Kreisverwaltung, Telefon (0661)6006-322. Ansprechpartner ist Bernd M\u00f6ller.<\/p>\n","protected":false},"excerpt":{"rendered":"<div class=\"tmnf_excerpt\"><p>Nach Mitteilung des Hessischen Ministeriums f\u00fcr Umwelt, Klimaschutz, Landschaft und Verbraucherschutz stehen im Jahr 2016 f\u00fcr die F\u00f6rderung des behindertengerechten Umbaus von selbstgenutztem Wohneigentum wieder zwei Millionen Euro zur Verf\u00fcgung, die in zwei Tranchen bereitgestellt werden. Entsprechenden Bauma\u00dfnahmen bis zu Gesamtkosten von h\u00f6chstens 25.000 Euro k\u00f6nnen mit einem Zuschuss von 50 Prozent gef\u00f6rdert werden. F\u00fcr &hellip;<\/p>\n<\/div>","protected":false},"author":1,"featured_media":0,"comment_status":"closed","ping_status":"closed","sticky":false,"template":"","format":"standard","meta":{"footnotes":""},"categories":[1],"tags":[],"class_list":["post-147291","post","type-post","status-publish","format-standard","hentry","category-startseite"],"_links":{"self":[{"href":"https:\/\/www.fuldaernachrichten.de\/index.php?rest_route=\/wp\/v2\/posts\/147291","targetHints":{"allow":["GET"]}}],"collection":[{"href":"https:\/\/www.fuldaernachrichten.de\/index.php?rest_route=\/wp\/v2\/posts"}],"about":[{"href":"https:\/\/www.fuldaernachrichten.de\/index.php?rest_route=\/wp\/v2\/types\/post"}],"author":[{"embeddable":true,"href":"https:\/\/www.fuldaernachrichten.de\/index.php?rest_route=\/wp\/v2\/users\/1"}],"replies":[{"embeddable":true,"href":"https:\/\/www.fuldaernachrichten.de\/index.php?rest_route=%2Fwp%2Fv2%2Fcomments&post=147291"}],"version-history":[{"count":1,"href":"https:\/\/www.fuldaernachrichten.de\/index.php?rest_route=\/wp\/v2\/posts\/147291\/revisions"}],"predecessor-version":[{"id":147295,"href":"https:\/\/www.fuldaernachrichten.de\/index.php?rest_route=\/wp\/v2\/posts\/147291\/revisions\/147295"}],"wp:attachment":[{"href":"https:\/\/www.fuldaernachrichten.de\/index.php?rest_route=%2Fwp%2Fv2%2Fmedia&parent=147291"}],"wp:term":[{"taxonomy":"category","embeddable":true,"href":"https:\/\/www.fuldaernachrichten.de\/index.php?rest_route=%2Fwp%2Fv2%2Fcategories&post=147291"},{"taxonomy":"post_tag","embeddable":true,"href":"https:\/\/www.fuldaernachrichten.de\/index.php?rest_route=%2Fwp%2Fv2%2Ftags&post=147291"}],"curies":[{"name":"wp","href":"https:\/\/api.w.org\/{rel}","templated":true}]}}