{"id":147290,"date":"2016-01-20T19:39:33","date_gmt":"2016-01-20T18:39:33","guid":{"rendered":"http:\/\/www.fuldaer-nachrichten.de\/?p=147290"},"modified":"2016-01-20T19:39:33","modified_gmt":"2016-01-20T18:39:33","slug":"neues-beratungsangebot-der-caritas-vor-ort-in-neuhof","status":"publish","type":"post","link":"https:\/\/www.fuldaernachrichten.de\/?p=147290","title":{"rendered":"Neues Beratungsangebot der Caritas vor Ort in Neuhof"},"content":{"rendered":"<p>Ab Dienstag, 26. Januar bietet der Caritasverband f\u00fcr die Regionen Fulda und Geisa im Rathaus in Neuhof \u201eBeratung vor Ort\u201c an. Die Einrichtung des Beratungsangebots im Rahmen der mobilen, aufsuchenden Beratung der regionalen Caritas kam auf Wunsch von B\u00fcrgermeisterin Maria Schultheis (CDU) zustande. Sozialp\u00e4dagogin M.A. Janina W\u00fcbbelsmann, die auch in der Gemeinde Flieden ber\u00e4t, wird jede Woche dienstags in der Zeit von 10 bis 11 Uhr im Sitzungszimmer im Rathaus von Neuhof als Ansprechpartnerin zur Verf\u00fcgung stehen. Dar\u00fcber hinaus sind Terminvereinbarungen und Hausbesuche m\u00f6glich.<br \/>\n\u201eBeratung vor Ort\u201c sei wichtig, da immer mehr rat- und hilfesuchende Menschen nicht mehr mobil seien, sie sich die Fahrt mit \u00f6ffentlichen Verkehrsmitteln aus dem Landkreis in die Stadt Fulda nicht leisten k\u00f6nnten und Angeh\u00f6rige nicht zur Verf\u00fcgung st\u00fcnden, so die B\u00fcrgermeisterin. Die Gemeinde biete die R\u00e4umlichkeit im Rathaus an, um die Anonymit\u00e4t der Hilfesuchenden zu wahren und die Hemmschwelle herunterzusetzen, denn ins Rathaus k\u00e4men Menschen mit unterschiedlichen Anliegen. Der Regionalcaritasverband bietet diese Beratungsform seit dem Jahre 2011 im Wohngebiet Gallasiniring in Fulda und seit 2014 in der Region Flieden mit wachsender Nachfrage an. Die Not habe ein anderes Gesicht bekommen. Deshalb sei man gerne dem Wunsch der Gemeinde Neuhof, dieses Angebot auch dort zu etablieren, nachgekommen, sagte Gesch\u00e4ftsf\u00fchrer Christian Reuter. Eine gute Annahme des Angebots verspreche sich die Caritas sich auch, weil Ortspfarrer Geistlicher Rat Dr. Dagobert Vonderau, Vorsitzender des Regionalcaritasverbands, das Angebot unterst\u00fctze. \u201eBeratung vor Ort\u201c arbeite gegen den Zeitgeist der Verwaltungszentralisierung und daf\u00fcr sei er dankbar, so Ulrich M\u00f6ller, Leiter der Hauptabteilung. Um den Menschen Mut zu machen, das Angebot anzunehmen, bat Bereichsleiter Soziale Dienste und stellvertretender Gesch\u00e4ftsf\u00fchrer Werner Althaus die Gemeinde entsprechend darauf hinzuweisen.<\/p>\n<p>Beraten wird in Sozial- und Lebensfragen, bei finanziellen Problemen, beim Ausf\u00fcllen von Antr\u00e4gen und Unterlagen, bei Fragen und Schwierigkeiten mit \u00c4mtern und Einrichtungen sowie Vermittlung zu geeigneten Ansprechpartnern. Als weiteres Angebot ist der Einsatz der Energiesparchecker, einem Projekt der Caritas in Zusammenarbeit mit dem Landkreis Fulda, m\u00f6glich. Sie beraten einkommensschwache Personen und Familien beim effizienten Einsatz von Energie im Haushalt.<\/p>\n<p>Termin k\u00f6nnen au\u00dferhalb der Sprechstunde mit der verantwortlichen Sozialp\u00e4dagogin (M.A.) Janina W\u00fcbbelsmann telefonisch unter 0661\/ 2428-315 oder per Mail: janina.wuebbelsmann@caritas-fulda.de vereinbart werden.<\/p>\n<p>Die Leitung des Regionalcaritasverbands Fulda Werner Althaus (links), Pfarrer Dr. Dagobert Vonderau (2.v.l.), Christian Reuter (rechts) und Beraterin Janina W\u00fcbbelsmann (3.v.l.) vereinbarten mit B\u00fcrgermeisterin Maria Schultheis (3.v.r.) und Leiter Hauptabteilung (2.v.r.) das Caritas &#8211; Angebot \u201eBeratung vor Ort\u201c.<\/p>\n","protected":false},"excerpt":{"rendered":"<div class=\"tmnf_excerpt\"><p>Ab Dienstag, 26. Januar bietet der Caritasverband f\u00fcr die Regionen Fulda und Geisa im Rathaus in Neuhof \u201eBeratung vor Ort\u201c an. Die Einrichtung des Beratungsangebots im Rahmen der mobilen, aufsuchenden Beratung der regionalen Caritas kam auf Wunsch von B\u00fcrgermeisterin Maria Schultheis (CDU) zustande. Sozialp\u00e4dagogin M.A. Janina W\u00fcbbelsmann, die auch in der Gemeinde Flieden ber\u00e4t, wird &hellip;<\/p>\n<\/div>","protected":false},"author":1,"featured_media":147294,"comment_status":"closed","ping_status":"closed","sticky":false,"template":"","format":"standard","meta":{"footnotes":""},"categories":[1],"tags":[],"class_list":["post-147290","post","type-post","status-publish","format-standard","has-post-thumbnail","hentry","category-startseite"],"_links":{"self":[{"href":"https:\/\/www.fuldaernachrichten.de\/index.php?rest_route=\/wp\/v2\/posts\/147290","targetHints":{"allow":["GET"]}}],"collection":[{"href":"https:\/\/www.fuldaernachrichten.de\/index.php?rest_route=\/wp\/v2\/posts"}],"about":[{"href":"https:\/\/www.fuldaernachrichten.de\/index.php?rest_route=\/wp\/v2\/types\/post"}],"author":[{"embeddable":true,"href":"https:\/\/www.fuldaernachrichten.de\/index.php?rest_route=\/wp\/v2\/users\/1"}],"replies":[{"embeddable":true,"href":"https:\/\/www.fuldaernachrichten.de\/index.php?rest_route=%2Fwp%2Fv2%2Fcomments&post=147290"}],"version-history":[{"count":1,"href":"https:\/\/www.fuldaernachrichten.de\/index.php?rest_route=\/wp\/v2\/posts\/147290\/revisions"}],"predecessor-version":[{"id":147297,"href":"https:\/\/www.fuldaernachrichten.de\/index.php?rest_route=\/wp\/v2\/posts\/147290\/revisions\/147297"}],"wp:featuredmedia":[{"embeddable":true,"href":"https:\/\/www.fuldaernachrichten.de\/index.php?rest_route=\/wp\/v2\/media\/147294"}],"wp:attachment":[{"href":"https:\/\/www.fuldaernachrichten.de\/index.php?rest_route=%2Fwp%2Fv2%2Fmedia&parent=147290"}],"wp:term":[{"taxonomy":"category","embeddable":true,"href":"https:\/\/www.fuldaernachrichten.de\/index.php?rest_route=%2Fwp%2Fv2%2Fcategories&post=147290"},{"taxonomy":"post_tag","embeddable":true,"href":"https:\/\/www.fuldaernachrichten.de\/index.php?rest_route=%2Fwp%2Fv2%2Ftags&post=147290"}],"curies":[{"name":"wp","href":"https:\/\/api.w.org\/{rel}","templated":true}]}}