{"id":147288,"date":"2016-01-20T19:37:50","date_gmt":"2016-01-20T18:37:50","guid":{"rendered":"http:\/\/www.fuldaer-nachrichten.de\/?p=147288"},"modified":"2016-01-20T19:37:50","modified_gmt":"2016-01-20T18:37:50","slug":"fuenf-jahre-kinder-und-jugendhilfswerk-jumpers","status":"publish","type":"post","link":"https:\/\/www.fuldaernachrichten.de\/?p=147288","title":{"rendered":"F\u00fcnf Jahre Kinder-und Jugendhilfswerk \u201eJumpers\u201c"},"content":{"rendered":"<p>In der Haferbachhalle in Kaufungen wurde heute das f\u00fcnfj\u00e4hrige Bestehen\u00c2\u00a0 des Kinder- und Jugendhilfswerks \u201eJumpers\u201c mit einer festlichen Feierstunde begangen. Der Staatssekret\u00e4r im Hessischen Ministerium f\u00fcr Soziales und Integration, Dr. Wolfgang Dippel, w\u00fcrdigte den Verein als ein Beispiel daf\u00fcr, wie engagierte Menschen auf einem christlichen Wertehintergrund sich aktiv in einer demokratischen Gesellschaft einbringen und durch ihr Handeln zeigen, was unter christlicher N\u00e4chstenliebe verstanden werden kann.<br \/>\nJumpers- abgeleitet von dem Slogan JUgend Mit PERSpektive- ist eine Initiative von Christen unterschiedlicher Konfessionen, die sich zum Ziel gesetzt hat \u201eden Selbstwert von Kindern und Jugendlichen (zu) st\u00e4rken und ihre Perspektiven nachhaltig und ganzheitlich zu verbessern.\u201c<\/p>\n<p>Sein soziales Engagement nahm der Verein im Jahr 2011 in Kassel-Helleb\u00f6hn auf. Mittlerweile sind drei weitere Standorte hinzugekommen: Stadtallendorf, Salzgitter und Gera.<\/p>\n<p>Jumpers hat sich die Gr\u00fcndung christlich-sozialer Projekte in Brennpunkten zum Ziel gesetzt. Der Verein will den Selbstwert und die Perspektiven von Kindern und Jugendlichen f\u00f6rdern. Mit mindestens 62 anderen christlich-sozialen Werken und Projekten ist Jumpers vernetzt, denen es allen ein Anliegen ist, die Belange, Bed\u00fcrfnisse\u00c2\u00a0 und Interessen von<\/p>\n<p>Kindern und Jugendlichen zu artikulieren und an die Gesellschaft heranzutragen.<br \/>\nWeiterhin werden durch das Programm \u201eMensch \u2013 Mentoring f\u00fcr Sch\u00fcler\u201c benachteiligte Sch\u00fclerinnen und Sch\u00fcler nachhaltig gef\u00f6rdert, sei es durch Nachhilfe, Workshops, Praktika und Sprachcamps. Das in Kaufungen, Fuldatal und Kassel stattfindende Programm ist bereits in den Jahren 2013 und 2014 mit Preisen der Konrad-Adenauer-Stiftung und der Ergo-Stiftung ausgezeichnet worden.<\/p>\n<p>Aktuell hilft Jumpers Fl\u00fcchtlingen in Stadtallendorf. Das Familienzentrum \u201eConAct\u201c k\u00fcmmert sich um die in unmittelbarer N\u00e4he untergebrachten Fl\u00fcchtlinge; die Menschen aus anderen L\u00e4ndern sind in dem Familienzentrum immer willkommen und erfahren hier erste Hilfestellungen in vielf\u00e4ltigen Lebensbereichen.<\/p>\n<p>\u201eOhne b\u00fcrgerliches Engagement kann unser soziales Gemeinwesen nicht existieren. Wenn unsere Gesellschaft immer \u00e4lter und bunter wird, ist es umso wichtiger, auch junge Menschen aus der Mitte unserer Gesellschaft daf\u00fcr zu gewinnen, soziale Verantwortung zu \u00fcbernehmen. Die Mitglieder von Jumpers haben\u00c2\u00a0 in vorbildlicher Weise gezeigt, wie sie die soziale Verantwortung in die Hand nehmen und junge Menschen tatkr\u00e4ftig unterst\u00fctzen\u201c, betonte der Staatssekret\u00e4r.<\/p>\n","protected":false},"excerpt":{"rendered":"<div class=\"tmnf_excerpt\"><p>In der Haferbachhalle in Kaufungen wurde heute das f\u00fcnfj\u00e4hrige Bestehen\u00c2\u00a0 des Kinder- und Jugendhilfswerks \u201eJumpers\u201c mit einer festlichen Feierstunde begangen. Der Staatssekret\u00e4r im Hessischen Ministerium f\u00fcr Soziales und Integration, Dr. Wolfgang Dippel, w\u00fcrdigte den Verein als ein Beispiel daf\u00fcr, wie engagierte Menschen auf einem christlichen Wertehintergrund sich aktiv in einer demokratischen Gesellschaft einbringen und durch &hellip;<\/p>\n<\/div>","protected":false},"author":1,"featured_media":0,"comment_status":"closed","ping_status":"closed","sticky":false,"template":"","format":"standard","meta":{"footnotes":""},"categories":[1],"tags":[],"class_list":["post-147288","post","type-post","status-publish","format-standard","hentry","category-startseite"],"_links":{"self":[{"href":"https:\/\/www.fuldaernachrichten.de\/index.php?rest_route=\/wp\/v2\/posts\/147288","targetHints":{"allow":["GET"]}}],"collection":[{"href":"https:\/\/www.fuldaernachrichten.de\/index.php?rest_route=\/wp\/v2\/posts"}],"about":[{"href":"https:\/\/www.fuldaernachrichten.de\/index.php?rest_route=\/wp\/v2\/types\/post"}],"author":[{"embeddable":true,"href":"https:\/\/www.fuldaernachrichten.de\/index.php?rest_route=\/wp\/v2\/users\/1"}],"replies":[{"embeddable":true,"href":"https:\/\/www.fuldaernachrichten.de\/index.php?rest_route=%2Fwp%2Fv2%2Fcomments&post=147288"}],"version-history":[{"count":1,"href":"https:\/\/www.fuldaernachrichten.de\/index.php?rest_route=\/wp\/v2\/posts\/147288\/revisions"}],"predecessor-version":[{"id":147293,"href":"https:\/\/www.fuldaernachrichten.de\/index.php?rest_route=\/wp\/v2\/posts\/147288\/revisions\/147293"}],"wp:attachment":[{"href":"https:\/\/www.fuldaernachrichten.de\/index.php?rest_route=%2Fwp%2Fv2%2Fmedia&parent=147288"}],"wp:term":[{"taxonomy":"category","embeddable":true,"href":"https:\/\/www.fuldaernachrichten.de\/index.php?rest_route=%2Fwp%2Fv2%2Fcategories&post=147288"},{"taxonomy":"post_tag","embeddable":true,"href":"https:\/\/www.fuldaernachrichten.de\/index.php?rest_route=%2Fwp%2Fv2%2Ftags&post=147288"}],"curies":[{"name":"wp","href":"https:\/\/api.w.org\/{rel}","templated":true}]}}