{"id":147284,"date":"2016-01-19T17:18:24","date_gmt":"2016-01-19T16:18:24","guid":{"rendered":"http:\/\/www.fuldaer-nachrichten.de\/?p=147284"},"modified":"2016-01-19T17:18:24","modified_gmt":"2016-01-19T16:18:24","slug":"malteser-bitten-um-kleiderspenden-fuer-fluechtlinge-erste-fluechtlinge-in-notunterkunft-in-flieden-angekommen","status":"publish","type":"post","link":"https:\/\/www.fuldaernachrichten.de\/?p=147284","title":{"rendered":"Malteser bitten um Kleiderspenden f\u00fcr Fl\u00fcchtlinge Erste Fl\u00fcchtlinge in Notunterkunft in Flieden angekommen"},"content":{"rendered":"<p>Die ersten Fl\u00fcchtlinge sind in der vergangenen Woche in der von den Maltesern betriebenen Notunterkunft in Flieden angekommen: Inzwischen leben 194 Kinder, Frauen und M\u00e4nner in der ehemaligen N\u00e4herei Mehler. Es sind gr\u00f6\u00dftenteils Familien. Sie stammen aus Syrien, Irak, Afghanistan und Kamerun. Was die Menschen aufgrund des Wintereinbruchs nun dringend ben\u00f6tigen, ist warme Kleidung. Deshalb rufen die Malteser die B\u00fcrgerinnen und B\u00fcrger zu Kleiderspenden auf.<\/p>\n<p>Kleidung<br \/>\nBen\u00f6tigt wird saubere, tragbare und vor allem warme Kleidung und Schuhe in allen Gr\u00f6\u00dfen f\u00fcr Damen, Herren, Kinder, Kleinkinder und Babys. Die Malteser freuen sich ebenfalls \u00fcber Spenden von neuer Unterw\u00e4sche.<\/p>\n<p>Spielsachen und Tischtennisplatten<br \/>\nF\u00fcr die Kinder werden auch gewaschene Pl\u00fcschtiere sowie Spielsachen (kein Waffenspielzeug) gesucht sowie f\u00fcr die Erwachsenen vollst\u00e4ndige Schach- und Backgammon-Spiele. Um den Menschen einen Zeitvertreib zu bieten, m\u00f6chten die Malteser zwei Tischtennisplatten in der Notunterkunft aufstellen. Wer eine funktionsf\u00e4hige Tischtennisplatte sowie Tischtennisschl\u00e4ger und B\u00e4lle \u00fcbrig hat, kann diese ebenfalls spenden.<\/p>\n<p>Sachspenden telefonisch anmelden<br \/>\nDie Malteser bitten die B\u00fcrger, die Spenden telefonisch zwischen 10 und 18 Uhr unter der Rufnummer 06655\/ 987902 anzumelden und nicht direkt in die Notunterkunft zu bringen. Auf diese Weise m\u00f6chten die Malteser die Spenden bedarfsorientiert annehmen und an die Fl\u00fcchtlinge ausgeben und Aufregung vor Ort vermeiden.<\/p>\n<p>Aktuelle Infos finden Interessierte auf www.malteser-fulda.de<\/p>\n","protected":false},"excerpt":{"rendered":"<div class=\"tmnf_excerpt\"><p>Die ersten Fl\u00fcchtlinge sind in der vergangenen Woche in der von den Maltesern betriebenen Notunterkunft in Flieden angekommen: Inzwischen leben 194 Kinder, Frauen und M\u00e4nner in der ehemaligen N\u00e4herei Mehler. Es sind gr\u00f6\u00dftenteils Familien. Sie stammen aus Syrien, Irak, Afghanistan und Kamerun. Was die Menschen aufgrund des Wintereinbruchs nun dringend ben\u00f6tigen, ist warme Kleidung. Deshalb &hellip;<\/p>\n<\/div>","protected":false},"author":1,"featured_media":0,"comment_status":"closed","ping_status":"closed","sticky":false,"template":"","format":"standard","meta":{"footnotes":""},"categories":[1],"tags":[],"class_list":["post-147284","post","type-post","status-publish","format-standard","hentry","category-startseite"],"_links":{"self":[{"href":"https:\/\/www.fuldaernachrichten.de\/index.php?rest_route=\/wp\/v2\/posts\/147284","targetHints":{"allow":["GET"]}}],"collection":[{"href":"https:\/\/www.fuldaernachrichten.de\/index.php?rest_route=\/wp\/v2\/posts"}],"about":[{"href":"https:\/\/www.fuldaernachrichten.de\/index.php?rest_route=\/wp\/v2\/types\/post"}],"author":[{"embeddable":true,"href":"https:\/\/www.fuldaernachrichten.de\/index.php?rest_route=\/wp\/v2\/users\/1"}],"replies":[{"embeddable":true,"href":"https:\/\/www.fuldaernachrichten.de\/index.php?rest_route=%2Fwp%2Fv2%2Fcomments&post=147284"}],"version-history":[{"count":1,"href":"https:\/\/www.fuldaernachrichten.de\/index.php?rest_route=\/wp\/v2\/posts\/147284\/revisions"}],"predecessor-version":[{"id":147287,"href":"https:\/\/www.fuldaernachrichten.de\/index.php?rest_route=\/wp\/v2\/posts\/147284\/revisions\/147287"}],"wp:attachment":[{"href":"https:\/\/www.fuldaernachrichten.de\/index.php?rest_route=%2Fwp%2Fv2%2Fmedia&parent=147284"}],"wp:term":[{"taxonomy":"category","embeddable":true,"href":"https:\/\/www.fuldaernachrichten.de\/index.php?rest_route=%2Fwp%2Fv2%2Fcategories&post=147284"},{"taxonomy":"post_tag","embeddable":true,"href":"https:\/\/www.fuldaernachrichten.de\/index.php?rest_route=%2Fwp%2Fv2%2Ftags&post=147284"}],"curies":[{"name":"wp","href":"https:\/\/api.w.org\/{rel}","templated":true}]}}