{"id":147280,"date":"2016-01-19T17:18:07","date_gmt":"2016-01-19T16:18:07","guid":{"rendered":"http:\/\/www.fuldaer-nachrichten.de\/?p=147280"},"modified":"2016-01-19T17:18:07","modified_gmt":"2016-01-19T16:18:07","slug":"5-000-euro-spende-von-kolping-fuer-caritas-fluechtlings-sprachkurse","status":"publish","type":"post","link":"https:\/\/www.fuldaernachrichten.de\/?p=147280","title":{"rendered":"5.000 Euro-Spende von Kolping f\u00fcr Caritas-Fl\u00fcchtlings-Sprachkurse"},"content":{"rendered":"<p>Gro\u00dfe Freude zeigten Di\u00f6zesan-Caritasdirektor Dr. Markus Juch und der Fl\u00fcchtlingsbeauftragte des Bistums Fulda, Caritas-Referent Franz Meyer, anl\u00e4sslich eines Neujahrsbesuches von Vertretern des Kolping-Di\u00f6zesanverbandes im Caritas-Haus in der Wilhelmstra\u00dfe: Bei der Visite \u00fcberreichten Kolping-Di\u00f6zesan-Gesch\u00e4ftsf\u00fchrer Steffen Kempa, Verbandsreferentin Melanie M\u00f6ller und Mareike Wei\u00dfm\u00fcller von der Kolping-Jugend eine 5.000-Euro-Spende zugunsten des Caritas-Engagements f\u00fcr Fl\u00fcchtlinge im Landkreis Fulda. Mit dem Geld sollen \u2013 so die Kolping-Vertreter \u2013 die Erg\u00e4nzungssprachkurse f\u00fcr Fl\u00fcchtlinge unterst\u00fctzt werden, die von der Caritas aus Eigenmitteln finanziert und in Zusammenarbeit mit der Kreisvolkhochschule durchgef\u00fchrt werden.<\/p>\n<p>Das Geld f\u00fcr die Aktion war im Rahmen der so genannten Kolping-Ostereieraktion 2015 zusammen gekommen. Der Name der Aktion, so Kolping-Gesch\u00e4ftsf\u00fchrer Kempa, sei im Januar vielleicht etwas irritierend, jedoch stelle Ostern nur den H\u00f6hepunkt der Spendenaktion dar: \u201eKolping generiert das ganze Jahr \u00fcber gezielt Spenden f\u00fcr zwei festgelegte Projekte \u2013 eines im Ausland und eines im Inland. Dabei wollen wir vor allem nachhaltig Hilfe leisten. Und da Spracherwerb f\u00fcr Fl\u00fcchtlinge wesentlich ist, um hier Fu\u00df fassen zu k\u00f6nnen, haben wir uns als eines der Spendenziele 2015 die Sprachkurse der Caritas im Bistum Fulda herausgesucht!\u201c<\/p>\n<p>Caritasdirektor Juch unterstrich, dass die Caritas das Geld wunschgem\u00e4\u00df einsetzen werde: \u201eWir setzen die Sprachkurse nat\u00fcrlich auch im Jahr 2016 mit gleicher Intensit\u00e4t fort \u2013 insofern ist es sch\u00f6n, ein solches Zeichen der Wertsch\u00e4tzung dieser Arbeit und der Unterst\u00fctzung zu erhalten!\u201c<\/p>\n<p>Im weiteren Gespr\u00e4ch loteten die Caritas- und Kolping-Vertreter M\u00f6glichkeiten verst\u00e4rkter Kooperation\u00c2\u00a0 im Bereich der Fl\u00fcchtlingshilfe aus. So wolle man, wie Caritas-Referent Franz Meyer versicherte, gerne auch die Kolping-Werkwochen unterst\u00fctzen, mit denen Asylbewerbern Praktika zur ersten Berufsorientierung in regionalen Handwerksbetrieben und mittelst\u00e4ndischem Gewerbe vermittelt werden solle. Dies sei sicher auch verst\u00e4rkt f\u00fcr die unbegleiteten minderj\u00e4hrigen Fl\u00fcchtlinge von Interesse, von denen die Caritas-Jugendhilfe zahlreiche betreue, und die alterm\u00e4\u00dfig ja an der Schwelle zum Berufsstart st\u00fcnden, so Meyer.<\/p>\n<p>Mit der Spenden\u00fcbergabe hat Kolping seine Ostereier-Spendenaktion 2015 abgeschlossen. Die unterst\u00fctzen Projekte 2016 stehen bereits fest: In Albanien will man als Asylbewerber abgelehnte Heimkehrern helfen, sich in der Heimat ein tragf\u00e4higes Leben aufzubauen. Wie auch bei den Caritas-Sprachkursen setze man dabei auf die Grundausrichtung des Projektes als Hilfe zur Bildung. Als generations\u00fcbergreifendes Inlandsprojekt will Kolping zudem die Pflege der Gedenkst\u00e4tte \u201eEhemaliges Frauen-KZ Ravensbr\u00fcck\u201c unterst\u00fctzen. Damit, so Jugendreferentin Mareike Wei\u00dfm\u00fcller, wolle man ausdr\u00fccklich auch ein Zeichen gegen die derzeit aufkommende rechte Grundstimmung setzen und dazu beitragen, dass die wichtigen gesellschaftlichen Werte wie Toleranz und gegenseitige Wertsch\u00e4tzung nicht in Vergessenheit geraten.<\/p>\n","protected":false},"excerpt":{"rendered":"<div class=\"tmnf_excerpt\"><p>Gro\u00dfe Freude zeigten Di\u00f6zesan-Caritasdirektor Dr. Markus Juch und der Fl\u00fcchtlingsbeauftragte des Bistums Fulda, Caritas-Referent Franz Meyer, anl\u00e4sslich eines Neujahrsbesuches von Vertretern des Kolping-Di\u00f6zesanverbandes im Caritas-Haus in der Wilhelmstra\u00dfe: Bei der Visite \u00fcberreichten Kolping-Di\u00f6zesan-Gesch\u00e4ftsf\u00fchrer Steffen Kempa, Verbandsreferentin Melanie M\u00f6ller und Mareike Wei\u00dfm\u00fcller von der Kolping-Jugend eine 5.000-Euro-Spende zugunsten des Caritas-Engagements f\u00fcr Fl\u00fcchtlinge im Landkreis Fulda. Mit &hellip;<\/p>\n<\/div>","protected":false},"author":1,"featured_media":147283,"comment_status":"closed","ping_status":"closed","sticky":false,"template":"","format":"standard","meta":{"footnotes":""},"categories":[1],"tags":[],"class_list":["post-147280","post","type-post","status-publish","format-standard","has-post-thumbnail","hentry","category-startseite"],"_links":{"self":[{"href":"https:\/\/www.fuldaernachrichten.de\/index.php?rest_route=\/wp\/v2\/posts\/147280","targetHints":{"allow":["GET"]}}],"collection":[{"href":"https:\/\/www.fuldaernachrichten.de\/index.php?rest_route=\/wp\/v2\/posts"}],"about":[{"href":"https:\/\/www.fuldaernachrichten.de\/index.php?rest_route=\/wp\/v2\/types\/post"}],"author":[{"embeddable":true,"href":"https:\/\/www.fuldaernachrichten.de\/index.php?rest_route=\/wp\/v2\/users\/1"}],"replies":[{"embeddable":true,"href":"https:\/\/www.fuldaernachrichten.de\/index.php?rest_route=%2Fwp%2Fv2%2Fcomments&post=147280"}],"version-history":[{"count":1,"href":"https:\/\/www.fuldaernachrichten.de\/index.php?rest_route=\/wp\/v2\/posts\/147280\/revisions"}],"predecessor-version":[{"id":147285,"href":"https:\/\/www.fuldaernachrichten.de\/index.php?rest_route=\/wp\/v2\/posts\/147280\/revisions\/147285"}],"wp:featuredmedia":[{"embeddable":true,"href":"https:\/\/www.fuldaernachrichten.de\/index.php?rest_route=\/wp\/v2\/media\/147283"}],"wp:attachment":[{"href":"https:\/\/www.fuldaernachrichten.de\/index.php?rest_route=%2Fwp%2Fv2%2Fmedia&parent=147280"}],"wp:term":[{"taxonomy":"category","embeddable":true,"href":"https:\/\/www.fuldaernachrichten.de\/index.php?rest_route=%2Fwp%2Fv2%2Fcategories&post=147280"},{"taxonomy":"post_tag","embeddable":true,"href":"https:\/\/www.fuldaernachrichten.de\/index.php?rest_route=%2Fwp%2Fv2%2Ftags&post=147280"}],"curies":[{"name":"wp","href":"https:\/\/api.w.org\/{rel}","templated":true}]}}