{"id":147258,"date":"2016-01-19T10:36:55","date_gmt":"2016-01-19T09:36:55","guid":{"rendered":"http:\/\/www.fuldaer-nachrichten.de\/?p=147258"},"modified":"2016-01-19T10:36:55","modified_gmt":"2016-01-19T09:36:55","slug":"pflegestuetzpunkt-im-zentrum-vital-besteht-seit-fuenf-jahren","status":"publish","type":"post","link":"https:\/\/www.fuldaernachrichten.de\/?p=147258","title":{"rendered":"Pflegest\u00fctzpunkt im Zentrum Vital besteht seit f\u00fcnf Jahren"},"content":{"rendered":"<p>Seit f\u00fcnf Jahren steht der Pflegest\u00fctzpunkt im Zentrum Vital gegen\u00fcber dem Herz-Jesu-Krankenhaus Rat- und Hilfesuchenden in allen Fragen rund um das Thema Pflege als Ansprechpartner zur Verf\u00fcgung und wird rege genutzt. Die vom Landkreis Fulda sowie den gesetzlichen Kranken- und Pflegekassen getragene Einrichtung bietet den Betroffenen und ihren Angeh\u00f6rigen eine qualifizierte, kostenlose und tr\u00e4gerneutrale Beratung.<\/p>\n<p>Die Mitarbeiter des Pflegest\u00fctzpunkts &#8211; Pflegeberater Andreas Heinz, Diplom-Sozialarbeiter Martin Kersting und die Fachangestellte f\u00fcr B\u00fcrokommunikation, Silke Dittmar &#8211; wissen, was den Menschen unter den N\u00e4geln brennt: \u201eWie bekommen meine gebrechlichen Eltern eine Pflegestufe? Welche Entlastungsm\u00f6glichkeiten gibt es f\u00fcr die pflegenden Angeh\u00f6rigen? Was tun, wenn die Pflegeperson selbst krank wird? Welche Leistungen bietet die Pflegeversicherung und welche Neuerungen gibt es? Was tun bei Demenz? Was kostet eine Heimpflege und wer bezahlt sie?\u201c All dies sind h\u00e4ufig gestellte Fragen. Andreas Heinz und Martin Kersting erleben in der Beratungspraxis immer wieder, dass es nach wie vor viele Unsicherheiten gibt und ein gro\u00dfes Bed\u00fcrfnis nach qualifizierter Beratung besteht.<\/p>\n<p>Andreas Heinz ist Experte in Sachen Pflege und besucht die Ratsuchenden auf Wunsch auch direkt zu Hause, zumal viele Pflegebed\u00fcrftige nicht mehr mobil sind. Vor Ort kann er wertvolle Tipps zu Pflege und zu Ma\u00dfnahmen der Wohnraumanpassung geben sowie Antr\u00e4ge zur Pflegeeinstufung aufnehmen.\u00c2\u00a0 Martin Kersting ist schwerpunktm\u00e4\u00dfig f\u00fcr Sozialberatung, Vorsorgefragen sowie \u00d6ffentlichkeits- und Netzwerkarbeit zust\u00e4ndig. Er wird h\u00e4ufig zu Veranstaltungen eingeladen, um \u00fcber Hilfe und Pflege im Alter sowie bei Behinderung oder Demenz zu informieren. \u201eNahezu jeder ist bei in unserem Land kranken- und pflegeversichert. Die Wenigsten aber haben eine genauere Vorstellung davon, welche Leistungen die Pflegeversicherung gew\u00e4hrt und was die Voraussetzungen hierf\u00fcr sind\u201c, so Kersting.<\/p>\n<p>Die Mitarbeiter des Pflegest\u00fctzpunkts raten pflegenden Angeh\u00f6rigen, sich m\u00f6glichst fr\u00fch beraten und gegebenenfalls helfen zu lassen, dabei an die eigene Gesundheit zu denken, aber auch zu wissen, wohin man sich im Falle einer Krise wenden k\u00f6nne. Grunds\u00e4tzlich sei es sinnvoll, sich \u00fcber das Leben im Alter Gedanken zu machen und \u2013 soweit m\u00f6glich \u2013 auch mit den Kindern dar\u00fcber zu sprechen. H\u00e4ufig gestellt w\u00fcrden Fragen wie \u201eIst die Wohnung, in der wir leben, von Lage und Umfeld f\u00fcr das Alter geeignet? Wie sieht es mit \u00f6ffentlichen Verkehrsmitteln aus? Gibt es in der n\u00e4heren Umgebung Arztpraxen, Gesch\u00e4fte und Apotheken? Wo sind der n\u00e4chste Pflegedienst und das n\u00e4chste Heim mit der M\u00f6glichkeit einer Kurzzeitpflege?\u201c. Neben einer fr\u00fchzeitigen Information gelte es, rechtzeitig Weichen zu stellen.<\/p>\n<p>Info<br \/>\nDie Mitarbeiter im Pflegest\u00fctzpunkt, Zentrum Vital, Gerloser Weg 20, 36039 Fulda, stehen zur Verf\u00fcgung unter: Martin Kersting, Telefon (0661)6006-692, Andreas Heinz, Telefon (0661)6006-693. Sprechzeiten sind Dienstag 9 bis 12 Uhr und Donnerstag 14 bis 16 Uhr sowie nach Vereinbarung. Eine telefonische Anmeldung ist nicht nur f\u00fcr eine Pflegeberatung in der H\u00e4uslichkeit erforderlich, sondern auch f\u00fcr einen Sprechstundentermin sinnvoll. Dar\u00fcber hinaus bietet die Homepage www.pflegestuetzpunkt-fulda.de zus\u00e4tzliche Informationen.<\/p>\n<p>BU: Martin Kersting, Silke Dittmar und Andreas Heinz kennen die N\u00f6te pflegebed\u00fcrftiger Menschen.<\/p>\n","protected":false},"excerpt":{"rendered":"<div class=\"tmnf_excerpt\"><p>Seit f\u00fcnf Jahren steht der Pflegest\u00fctzpunkt im Zentrum Vital gegen\u00fcber dem Herz-Jesu-Krankenhaus Rat- und Hilfesuchenden in allen Fragen rund um das Thema Pflege als Ansprechpartner zur Verf\u00fcgung und wird rege genutzt. Die vom Landkreis Fulda sowie den gesetzlichen Kranken- und Pflegekassen getragene Einrichtung bietet den Betroffenen und ihren Angeh\u00f6rigen eine qualifizierte, kostenlose und tr\u00e4gerneutrale Beratung. &hellip;<\/p>\n<\/div>","protected":false},"author":1,"featured_media":147259,"comment_status":"closed","ping_status":"closed","sticky":false,"template":"","format":"standard","meta":{"footnotes":""},"categories":[1],"tags":[],"class_list":["post-147258","post","type-post","status-publish","format-standard","has-post-thumbnail","hentry","category-startseite"],"_links":{"self":[{"href":"https:\/\/www.fuldaernachrichten.de\/index.php?rest_route=\/wp\/v2\/posts\/147258","targetHints":{"allow":["GET"]}}],"collection":[{"href":"https:\/\/www.fuldaernachrichten.de\/index.php?rest_route=\/wp\/v2\/posts"}],"about":[{"href":"https:\/\/www.fuldaernachrichten.de\/index.php?rest_route=\/wp\/v2\/types\/post"}],"author":[{"embeddable":true,"href":"https:\/\/www.fuldaernachrichten.de\/index.php?rest_route=\/wp\/v2\/users\/1"}],"replies":[{"embeddable":true,"href":"https:\/\/www.fuldaernachrichten.de\/index.php?rest_route=%2Fwp%2Fv2%2Fcomments&post=147258"}],"version-history":[{"count":1,"href":"https:\/\/www.fuldaernachrichten.de\/index.php?rest_route=\/wp\/v2\/posts\/147258\/revisions"}],"predecessor-version":[{"id":147260,"href":"https:\/\/www.fuldaernachrichten.de\/index.php?rest_route=\/wp\/v2\/posts\/147258\/revisions\/147260"}],"wp:featuredmedia":[{"embeddable":true,"href":"https:\/\/www.fuldaernachrichten.de\/index.php?rest_route=\/wp\/v2\/media\/147259"}],"wp:attachment":[{"href":"https:\/\/www.fuldaernachrichten.de\/index.php?rest_route=%2Fwp%2Fv2%2Fmedia&parent=147258"}],"wp:term":[{"taxonomy":"category","embeddable":true,"href":"https:\/\/www.fuldaernachrichten.de\/index.php?rest_route=%2Fwp%2Fv2%2Fcategories&post=147258"},{"taxonomy":"post_tag","embeddable":true,"href":"https:\/\/www.fuldaernachrichten.de\/index.php?rest_route=%2Fwp%2Fv2%2Ftags&post=147258"}],"curies":[{"name":"wp","href":"https:\/\/api.w.org\/{rel}","templated":true}]}}