{"id":147254,"date":"2016-01-19T10:39:55","date_gmt":"2016-01-19T09:39:55","guid":{"rendered":"http:\/\/www.fuldaer-nachrichten.de\/?p=147254"},"modified":"2016-01-19T10:39:55","modified_gmt":"2016-01-19T09:39:55","slug":"fluechtlingsunterbringung-in-hessen","status":"publish","type":"post","link":"https:\/\/www.fuldaernachrichten.de\/?p=147254","title":{"rendered":"Fl\u00fcchtlingsunterbringung in Hessen"},"content":{"rendered":"<p>Hessens Minister f\u00fcr Soziales und Integration, Stefan Gr\u00fcttner: \u201eWir sind gut aufgestellt gestartet in 2016 \u2013 alle Fl\u00fcchtlinge haben ein Dach \u00fcber dem Kopf und wir haben derzeit ausreichend Kapazit\u00e4ten\u201c<\/p>\n<p>\u201eZu Anfang des Jahres 2016 k\u00f6nnen wir von Seiten der Hessischen Landesregierung sagen, dass wir die Fr\u00fcchte der enormen Kraftanstrengungen aus 2015 ernten und derzeit ausreichend Kapazit\u00e4ten f\u00fcr die Fl\u00fcchtlinge bereithalten\u201c, so der Hessische Minister f\u00fcr Soziales und Integration, Stefan Gr\u00fcttner. \u201eWir haben den unvorhersehbar starken Anstieg der Zahlen im vergangenen Jahr gut gemeistert und Obdachlosigkeit vermieden\u201c, so Gr\u00fcttner.<\/p>\n<p>\u201eW\u00e4hrend Hessen im Jahr 2014 einen Fl\u00fcchtlingszugang von 17.453 Personen zu bew\u00e4ltigen hatte, stieg\u00c2\u00a0 dieser im darauffolgenden Jahr 2015 um ein Vielfaches an: so kamen im gesamten Jahr 2015 fast 80.000 Fl\u00fcchtlinge nach Hessen. Stand heute befinden sich rund 22.600 Fl\u00fcchtlinge in den Hessischen Erstaufnahmeeinrichtungen, deren Au\u00dfenstellen und Notunterk\u00fcnften des Landes. Die letztgenannten k\u00f6nnen wir jetzt in Au\u00dfenstellen der Erstaufnahmen \u00fcberf\u00fchren, weil wir ausreichend Kapazit\u00e4ten vorhalten\u201c, stellte Gr\u00fcttner dar.<\/p>\n<p>Der Minister erl\u00e4uterte die \u201egewaltige Entwicklung\u201c von 2015 nach 2016. \u201eGab es zun\u00e4chst nur eine Erstaufnahmeeinrichtung in Gie\u00dfen, so sind im letzten Jahr drei weitere Erstaufnahmeeinrichtungen hinzugekommen: Neustadt, Rotenburg an der Fulda und zum Endes des Jahres 2015 B\u00fcdingen. Neben diesen vier Erstaufnahmeeinrichtungen gibt es momentan noch 37 Au\u00dfenstellen, in denen die Fl\u00fcchtlinge in festen Unterk\u00fcnften untergebracht sind. Wir haben \u00fcber 30 neue Standorte geschaffen in 2015\u201c, erl\u00e4uterte Gr\u00fcttner. Die Unterbringung in Zelten habe bereits im Dezember des letzten Jahres vollst\u00e4ndig zur\u00fcckgefahren werden k\u00f6nnen.<\/p>\n<p>Noch zum Ende des letzten Jahres wurden die Unterk\u00fcnfte American Arms Hotel in Wiesbaden, das ehemalige Deutsche Bank Geb\u00e4ude in Kronberg, das ehemalige Krankenhaus in Bad Homburg, die ehemalige Kurklinik in Bad K\u00f6nig sowie das Neckermann-Geb\u00e4ude in Frankfurt\/Main ert\u00fcchtigt und sind teils belegt bzw. steht eine Belegung dieser f\u00fcr Januar und Februar an. Hessen habe in einer enormen Kraftanstrengung die rund 80.000 Menschen, die im Jahr 2015 hier her gekommen sind, versorgt und allesamt in festen Unterk\u00fcnften untergebracht. Die medizinische Versorgung der Fl\u00fcchtlinge ist fl\u00e4chendeckend gew\u00e4hrleistet, zuletzt durch die von den Maltesern koordinierten \u00c4rzteteams, die mobil sind und zu den Einrichtungen reisen. Die bei der Erstuntersuchung angebotenen Impfungen werden zu 80 Prozent angenommen. Psychosoziale Zentren in Frankfurt\/Main, Gie\u00dfen und Marburg verst\u00e4rken das medizinische Angebot.<\/p>\n<p>Der Minister betonte, dass derzeit rund 400 Fl\u00fcchtlinge t\u00e4glich in Hessen ankommen, die in den Erstaufnahmeeinrichtungen untergebracht werden. Zum Vergleich: im Oktober 2015 betrug der h\u00f6chste Zugangswert an einem Tag 1.370 Personen. Diese geringeren Zugangszahlen f\u00fchrten nat\u00fcrlich auch zu weniger Zuweisungen an die Kommunen. \u201eWir arbeiten partnerschaftlich und konstruktiv mit den Kommunen zusammen und werden gemeinsam unserer Verantwortung gerecht.\u201c<\/p>\n<p>Prognostisch gehe das Bundesamt f\u00fcr Migration und Fl\u00fcchtlinge (BAMF) davon aus, dass auch im Jahr 2016 mit dem Zuzug von ungef\u00e4hr 800.000 Menschen bundesweit zu rechnen sei. Das bedeute f\u00fcr Hessen rund 59.000 weitere Fl\u00fcchtlinge.<\/p>\n<p>Abschlie\u00dfend zeigte Gr\u00fcttner sich \u00fcberzeugt, die Aufgabe auch im neuen Jahr \u201eordentlich bew\u00e4ltigen\u201c zu k\u00f6nnen. Das sei aufgrund einer \u201egro\u00dfartigen Gemeinschaftsleistung\u201c von Land, Kommunen, ehrenamtlich t\u00e4tigen Mitarbeiterinnen und Mitarbeitern und den vielen Hilfsorganisationen m\u00f6glich geworden. Gemeinsam werden wir auch die weitere Aufgabenstellung der Unterbringung der neu zu uns kommenden Fl\u00fcchtlingen bew\u00e4ltigen\u201c.<\/p>\n","protected":false},"excerpt":{"rendered":"<div class=\"tmnf_excerpt\"><p>Hessens Minister f\u00fcr Soziales und Integration, Stefan Gr\u00fcttner: \u201eWir sind gut aufgestellt gestartet in 2016 \u2013 alle Fl\u00fcchtlinge haben ein Dach \u00fcber dem Kopf und wir haben derzeit ausreichend Kapazit\u00e4ten\u201c \u201eZu Anfang des Jahres 2016 k\u00f6nnen wir von Seiten der Hessischen Landesregierung sagen, dass wir die Fr\u00fcchte der enormen Kraftanstrengungen aus 2015 ernten und derzeit &hellip;<\/p>\n<\/div>","protected":false},"author":1,"featured_media":0,"comment_status":"closed","ping_status":"closed","sticky":false,"template":"","format":"standard","meta":{"footnotes":""},"categories":[29],"tags":[],"class_list":["post-147254","post","type-post","status-publish","format-standard","hentry","category-politik"],"_links":{"self":[{"href":"https:\/\/www.fuldaernachrichten.de\/index.php?rest_route=\/wp\/v2\/posts\/147254","targetHints":{"allow":["GET"]}}],"collection":[{"href":"https:\/\/www.fuldaernachrichten.de\/index.php?rest_route=\/wp\/v2\/posts"}],"about":[{"href":"https:\/\/www.fuldaernachrichten.de\/index.php?rest_route=\/wp\/v2\/types\/post"}],"author":[{"embeddable":true,"href":"https:\/\/www.fuldaernachrichten.de\/index.php?rest_route=\/wp\/v2\/users\/1"}],"replies":[{"embeddable":true,"href":"https:\/\/www.fuldaernachrichten.de\/index.php?rest_route=%2Fwp%2Fv2%2Fcomments&post=147254"}],"version-history":[{"count":1,"href":"https:\/\/www.fuldaernachrichten.de\/index.php?rest_route=\/wp\/v2\/posts\/147254\/revisions"}],"predecessor-version":[{"id":147269,"href":"https:\/\/www.fuldaernachrichten.de\/index.php?rest_route=\/wp\/v2\/posts\/147254\/revisions\/147269"}],"wp:attachment":[{"href":"https:\/\/www.fuldaernachrichten.de\/index.php?rest_route=%2Fwp%2Fv2%2Fmedia&parent=147254"}],"wp:term":[{"taxonomy":"category","embeddable":true,"href":"https:\/\/www.fuldaernachrichten.de\/index.php?rest_route=%2Fwp%2Fv2%2Fcategories&post=147254"},{"taxonomy":"post_tag","embeddable":true,"href":"https:\/\/www.fuldaernachrichten.de\/index.php?rest_route=%2Fwp%2Fv2%2Ftags&post=147254"}],"curies":[{"name":"wp","href":"https:\/\/api.w.org\/{rel}","templated":true}]}}