{"id":147249,"date":"2016-01-18T20:14:04","date_gmt":"2016-01-18T19:14:04","guid":{"rendered":"http:\/\/www.fuldaer-nachrichten.de\/?p=147249"},"modified":"2016-01-18T20:14:04","modified_gmt":"2016-01-18T19:14:04","slug":"vortrag-ueber-die-fuldaer-stadtmauer","status":"publish","type":"post","link":"https:\/\/www.fuldaernachrichten.de\/?p=147249","title":{"rendered":"Vortrag \u00fcber die Fuldaer Stadtmauer"},"content":{"rendered":"<p>Der Fuldaer Geschichtsverein l\u00e4dt ein zu einem Vortrag \u201eNeues zur Fuldaer Stadtmauer\u201c<br \/>\nReferent: Stadt- und Kreisarch\u00e4ologe Dr. Frank Verse<\/p>\n<p>Der Vortrag l\u00e4dt ein zu einem Spaziergang in Bildern entlang der mittelalterlichen Stadtmauer Fuldas, deren Reste sich mal offen, mal versteckt dem heutigen Betrachter zeigen. Dabei schweift der virtuelle Blick nicht nur \u00fcber Stra\u00dfen und Pl\u00e4tze, sondern auch zu den versteckten Resten der Befestigung in Park- und Modeh\u00e4usern.<br \/>\nIm Anschluss werden die Ergebnisse der Ausgrabungen der letzten Jahre pr\u00e4sentiert, die im Zuge von Bauma\u00dfnahmen an verschiedenen Stellen der Stadtmauer durchgef\u00fchrt wurden. Dabei wurden im Boden verborgene Mauerz\u00fcge zumindest f\u00fcr kurze Zeit wieder ans Tageslicht brachten. Diese Untersuchungen f\u00fchrten zu interessanten Einblicken und einigen neuen Erkenntnissen, die im zweiten Teil des Vortrags erstmals der \u00d6ffentlichkeit pr\u00e4sentiert werden sollen.<\/p>\n<p>Die Veranstaltung findet am Donnerstag, den 21. Januar 2016, um 19.30 Uhr, im Forum Kanzlerpalais, Unterm Heilig Kreuz, 36037 Fulda, statt. Der Veranstalter l\u00e4dt alle Interessierten, auch Nicht-Mitglieder des Fuldaer Geschichtsvereins, ein.<\/p>\n","protected":false},"excerpt":{"rendered":"<div class=\"tmnf_excerpt\"><p>Der Fuldaer Geschichtsverein l\u00e4dt ein zu einem Vortrag \u201eNeues zur Fuldaer Stadtmauer\u201c Referent: Stadt- und Kreisarch\u00e4ologe Dr. Frank Verse Der Vortrag l\u00e4dt ein zu einem Spaziergang in Bildern entlang der mittelalterlichen Stadtmauer Fuldas, deren Reste sich mal offen, mal versteckt dem heutigen Betrachter zeigen. Dabei schweift der virtuelle Blick nicht nur \u00fcber Stra\u00dfen und Pl\u00e4tze, &hellip;<\/p>\n<\/div>","protected":false},"author":1,"featured_media":0,"comment_status":"closed","ping_status":"closed","sticky":false,"template":"","format":"standard","meta":{"footnotes":""},"categories":[1],"tags":[],"class_list":["post-147249","post","type-post","status-publish","format-standard","hentry","category-startseite"],"_links":{"self":[{"href":"https:\/\/www.fuldaernachrichten.de\/index.php?rest_route=\/wp\/v2\/posts\/147249","targetHints":{"allow":["GET"]}}],"collection":[{"href":"https:\/\/www.fuldaernachrichten.de\/index.php?rest_route=\/wp\/v2\/posts"}],"about":[{"href":"https:\/\/www.fuldaernachrichten.de\/index.php?rest_route=\/wp\/v2\/types\/post"}],"author":[{"embeddable":true,"href":"https:\/\/www.fuldaernachrichten.de\/index.php?rest_route=\/wp\/v2\/users\/1"}],"replies":[{"embeddable":true,"href":"https:\/\/www.fuldaernachrichten.de\/index.php?rest_route=%2Fwp%2Fv2%2Fcomments&post=147249"}],"version-history":[{"count":1,"href":"https:\/\/www.fuldaernachrichten.de\/index.php?rest_route=\/wp\/v2\/posts\/147249\/revisions"}],"predecessor-version":[{"id":147250,"href":"https:\/\/www.fuldaernachrichten.de\/index.php?rest_route=\/wp\/v2\/posts\/147249\/revisions\/147250"}],"wp:attachment":[{"href":"https:\/\/www.fuldaernachrichten.de\/index.php?rest_route=%2Fwp%2Fv2%2Fmedia&parent=147249"}],"wp:term":[{"taxonomy":"category","embeddable":true,"href":"https:\/\/www.fuldaernachrichten.de\/index.php?rest_route=%2Fwp%2Fv2%2Fcategories&post=147249"},{"taxonomy":"post_tag","embeddable":true,"href":"https:\/\/www.fuldaernachrichten.de\/index.php?rest_route=%2Fwp%2Fv2%2Ftags&post=147249"}],"curies":[{"name":"wp","href":"https:\/\/api.w.org\/{rel}","templated":true}]}}