{"id":147238,"date":"2016-01-18T20:13:10","date_gmt":"2016-01-18T19:13:10","guid":{"rendered":"http:\/\/www.fuldaer-nachrichten.de\/?p=147238"},"modified":"2016-01-18T20:13:10","modified_gmt":"2016-01-18T19:13:10","slug":"kab-ehrt-elisabeth-weber-silberne-verdienstnadel-fuer-ueber-40-jaehriges-engagement","status":"publish","type":"post","link":"https:\/\/www.fuldaernachrichten.de\/?p=147238","title":{"rendered":"KAB ehrt Elisabeth Weber &#8211; Silberne Verdienstnadel f\u00fcr \u00fcber 40 j\u00e4hriges Engagement"},"content":{"rendered":"<p>Die Silberne Verdienstnadel der Katholischen Arbeitnehmer-Bewegung (KAB) Di\u00f6zesanverband Fulda wurde anl\u00e4sslich der diesj\u00e4hrigen Jahresauftaktveranstaltung IMPULS 2016 Elisabeth Weber aus Freigericht-Neuses verliehen. KAB Di\u00f6zesanvorsitzender Wolfgang Spiegel w\u00fcrdigte in einer Ansprache ihr \u00fcber 40-j\u00e4hriges Engagement f\u00fcr die KAB. KAB Di\u00f6zesanpr\u00e4ses Pfarrer Christian Sack \u00fcberreichte ihr dazu die entsprechende Urkunde.<\/p>\n<p>\u201eHerausragend\u201c nannte Spiegel den Einsatz von Elisabeth Weber. Seit Eintritt in die KAB Neuses vor \u00fcber 40 Jahren arbeitete sie dort im Vorstand mit. Egal ob als Schriftf\u00fchrerin, Kassiererin oder als stellvertretende Vorsitzende stand sie jederzeit ihre \u201eFrau\u201c.<\/p>\n<p>Die Ideen der katholischen Soziallehre trug sie 16 Jahre lang in den Di\u00f6zesankatholikenrat, teilweise \u00fcber das Dekanat gew\u00e4hlt und die letzten Jahre als Vertreterin der KAB \u00fcber die Arbeitsgemeinschaft katholischer Verb\u00e4nde im Bistum Fulda.<\/p>\n<p>Sowohl im Bezirksverband Main-Kinzig als auch im KAB Di\u00f6zesanverband zeichnet sie seit 7 Jahren verantwortlich f\u00fcr die Seniorenarbeit. Im Rahmen dieser Aufgabe vertrat sie die KAB im Seniorenwerk des Bistums Fulda bis zu dessen Aufl\u00f6sung und geh\u00f6rt dem Zielgruppenausschuss Senioren der KAB Deutschlands an. Auf Bistumsebene bringt sie nunmehr ihre reichen Erfahrungen in die Senioren-Netzwerk-Arbeit ein.<\/p>\n<p>Ihre Liebe zu den Menschen dr\u00fcckt sich in ihrem ehrenamtlichen Engagement in der Hospizarbeit aus. F\u00fcr den Hanauer Trauerseelsorger Pfarrer Werner Gutheil ist sie seit geraumer Zeit eine unverzichtbare St\u00fctze.<\/p>\n<p>Last not Least sind mehrt\u00e4gige KAB Reisen, die sie seit 25 Jahren zusammen mit ihrem Ehemann Wolfgang plant und begleitet, ein \u201eMarkenzeichen\u201c von Elisabeth Weber. Bei diesen Fahrten bringt sie europ\u00e4ische Kultur und Geschichte wie auch Religionsgeschichte den Teilnehmern n\u00e4her.<\/p>\n<p>Den Dankesworten entgegnete Elisabeth Weber in ihrer bekannten herzlichen Art, dass sie dies alles gern und mit Freude getan habe und so lange es gesundheitlich m\u00f6glich sei, auch gerne f\u00fcr den Verband weiter arbeiten w\u00fcrde.<\/p>\n","protected":false},"excerpt":{"rendered":"<div class=\"tmnf_excerpt\"><p>Die Silberne Verdienstnadel der Katholischen Arbeitnehmer-Bewegung (KAB) Di\u00f6zesanverband Fulda wurde anl\u00e4sslich der diesj\u00e4hrigen Jahresauftaktveranstaltung IMPULS 2016 Elisabeth Weber aus Freigericht-Neuses verliehen. KAB Di\u00f6zesanvorsitzender Wolfgang Spiegel w\u00fcrdigte in einer Ansprache ihr \u00fcber 40-j\u00e4hriges Engagement f\u00fcr die KAB. KAB Di\u00f6zesanpr\u00e4ses Pfarrer Christian Sack \u00fcberreichte ihr dazu die entsprechende Urkunde. \u201eHerausragend\u201c nannte Spiegel den Einsatz von Elisabeth Weber. &hellip;<\/p>\n<\/div>","protected":false},"author":1,"featured_media":147244,"comment_status":"closed","ping_status":"closed","sticky":false,"template":"","format":"standard","meta":{"footnotes":""},"categories":[50],"tags":[],"class_list":["post-147238","post","type-post","status-publish","format-standard","has-post-thumbnail","hentry","category-kirche"],"_links":{"self":[{"href":"https:\/\/www.fuldaernachrichten.de\/index.php?rest_route=\/wp\/v2\/posts\/147238","targetHints":{"allow":["GET"]}}],"collection":[{"href":"https:\/\/www.fuldaernachrichten.de\/index.php?rest_route=\/wp\/v2\/posts"}],"about":[{"href":"https:\/\/www.fuldaernachrichten.de\/index.php?rest_route=\/wp\/v2\/types\/post"}],"author":[{"embeddable":true,"href":"https:\/\/www.fuldaernachrichten.de\/index.php?rest_route=\/wp\/v2\/users\/1"}],"replies":[{"embeddable":true,"href":"https:\/\/www.fuldaernachrichten.de\/index.php?rest_route=%2Fwp%2Fv2%2Fcomments&post=147238"}],"version-history":[{"count":1,"href":"https:\/\/www.fuldaernachrichten.de\/index.php?rest_route=\/wp\/v2\/posts\/147238\/revisions"}],"predecessor-version":[{"id":147245,"href":"https:\/\/www.fuldaernachrichten.de\/index.php?rest_route=\/wp\/v2\/posts\/147238\/revisions\/147245"}],"wp:featuredmedia":[{"embeddable":true,"href":"https:\/\/www.fuldaernachrichten.de\/index.php?rest_route=\/wp\/v2\/media\/147244"}],"wp:attachment":[{"href":"https:\/\/www.fuldaernachrichten.de\/index.php?rest_route=%2Fwp%2Fv2%2Fmedia&parent=147238"}],"wp:term":[{"taxonomy":"category","embeddable":true,"href":"https:\/\/www.fuldaernachrichten.de\/index.php?rest_route=%2Fwp%2Fv2%2Fcategories&post=147238"},{"taxonomy":"post_tag","embeddable":true,"href":"https:\/\/www.fuldaernachrichten.de\/index.php?rest_route=%2Fwp%2Fv2%2Ftags&post=147238"}],"curies":[{"name":"wp","href":"https:\/\/api.w.org\/{rel}","templated":true}]}}