{"id":147233,"date":"2016-01-18T20:10:40","date_gmt":"2016-01-18T19:10:40","guid":{"rendered":"http:\/\/www.fuldaer-nachrichten.de\/?p=147233"},"modified":"2016-01-18T20:10:40","modified_gmt":"2016-01-18T19:10:40","slug":"preisboerse-24-spendet-hardware-an-die-antonius-von-padua-schule","status":"publish","type":"post","link":"https:\/\/www.fuldaernachrichten.de\/?p=147233","title":{"rendered":"Preisb\u00f6rse 24 spendet Hardware an die Antonius von Padua Schule"},"content":{"rendered":"<p><a href=\"http:\/\/www.fuldaer-nachrichten.de\/wp-content\/uploads\/2016\/01\/IMG_5463.jpg\" rel=\"attachment wp-att-147236\"><img decoding=\"async\" class=\"alignleft size-thumbnail wp-image-147236\" src=\"http:\/\/www.fuldaer-nachrichten.de\/wp-content\/uploads\/2016\/01\/IMG_5463-265x177.jpg\" alt=\"IMG_5463\" width=\"265\" height=\"177\" srcset=\"https:\/\/www.fuldaernachrichten.de\/wp-content\/uploads\/2016\/01\/IMG_5463-265x177.jpg 265w, https:\/\/www.fuldaernachrichten.de\/wp-content\/uploads\/2016\/01\/IMG_5463-768x512.jpg 768w, https:\/\/www.fuldaernachrichten.de\/wp-content\/uploads\/2016\/01\/IMG_5463-600x400.jpg 600w, https:\/\/www.fuldaernachrichten.de\/wp-content\/uploads\/2016\/01\/IMG_5463.jpg 900w\" sizes=\"(max-width: 265px) 100vw, 265px\" \/><\/a>Kurz nach der Er\u00f6ffnung im November vergangenen Jahres, brachen Unbekannte in das Geb\u00e4ude der Antonius von Padua Schule ein und stahlen Laptops, Beamer und vieles mehr. \u201eAls wir damals in den Nachrichten gelesen haben, dass dort eingebrochen wurde, waren wir regelrecht schockiert\u201c, sagte Tatjana G\u00fclay von der Preisb\u00f6rse 24. F\u00fcr sie und ihren Mann Ahmet stand fest, dass sie bei diesem Dilemma helfen wollen und organisierten zwei Laptops und einen Beamer im Gesamtwert von rund 2500 Euro.<\/p>\n<p>Einige Sch\u00fclerinnen und Sch\u00fcler der inklusiven Grundschule waren vergangene Woche gekommen, um die Hardware pers\u00f6nlich entgegenzunehmen. Hanno Henkel, Leiter der Antonius von Padua Schule und Rainer Sippel, Gesch\u00e4ftsf\u00fchrer von antonius, dankten den G\u00fclays f\u00fcr diese tolle Geste.<\/p>\n","protected":false},"excerpt":{"rendered":"<div class=\"tmnf_excerpt\"><p>Kurz nach der Er\u00f6ffnung im November vergangenen Jahres, brachen Unbekannte in das Geb\u00e4ude der Antonius von Padua Schule ein und stahlen Laptops, Beamer und vieles mehr. \u201eAls wir damals in den Nachrichten gelesen haben, dass dort eingebrochen wurde, waren wir regelrecht schockiert\u201c, sagte Tatjana G\u00fclay von der Preisb\u00f6rse 24. F\u00fcr sie und ihren Mann Ahmet &hellip;<\/p>\n<\/div>","protected":false},"author":1,"featured_media":147235,"comment_status":"closed","ping_status":"closed","sticky":false,"template":"","format":"standard","meta":{"footnotes":""},"categories":[1],"tags":[],"class_list":["post-147233","post","type-post","status-publish","format-standard","has-post-thumbnail","hentry","category-startseite"],"_links":{"self":[{"href":"https:\/\/www.fuldaernachrichten.de\/index.php?rest_route=\/wp\/v2\/posts\/147233","targetHints":{"allow":["GET"]}}],"collection":[{"href":"https:\/\/www.fuldaernachrichten.de\/index.php?rest_route=\/wp\/v2\/posts"}],"about":[{"href":"https:\/\/www.fuldaernachrichten.de\/index.php?rest_route=\/wp\/v2\/types\/post"}],"author":[{"embeddable":true,"href":"https:\/\/www.fuldaernachrichten.de\/index.php?rest_route=\/wp\/v2\/users\/1"}],"replies":[{"embeddable":true,"href":"https:\/\/www.fuldaernachrichten.de\/index.php?rest_route=%2Fwp%2Fv2%2Fcomments&post=147233"}],"version-history":[{"count":1,"href":"https:\/\/www.fuldaernachrichten.de\/index.php?rest_route=\/wp\/v2\/posts\/147233\/revisions"}],"predecessor-version":[{"id":147237,"href":"https:\/\/www.fuldaernachrichten.de\/index.php?rest_route=\/wp\/v2\/posts\/147233\/revisions\/147237"}],"wp:featuredmedia":[{"embeddable":true,"href":"https:\/\/www.fuldaernachrichten.de\/index.php?rest_route=\/wp\/v2\/media\/147235"}],"wp:attachment":[{"href":"https:\/\/www.fuldaernachrichten.de\/index.php?rest_route=%2Fwp%2Fv2%2Fmedia&parent=147233"}],"wp:term":[{"taxonomy":"category","embeddable":true,"href":"https:\/\/www.fuldaernachrichten.de\/index.php?rest_route=%2Fwp%2Fv2%2Fcategories&post=147233"},{"taxonomy":"post_tag","embeddable":true,"href":"https:\/\/www.fuldaernachrichten.de\/index.php?rest_route=%2Fwp%2Fv2%2Ftags&post=147233"}],"curies":[{"name":"wp","href":"https:\/\/api.w.org\/{rel}","templated":true}]}}