{"id":147227,"date":"2016-01-18T08:59:13","date_gmt":"2016-01-18T07:59:13","guid":{"rendered":"http:\/\/www.fuldaer-nachrichten.de\/?p=147227"},"modified":"2016-01-18T08:59:13","modified_gmt":"2016-01-18T07:59:13","slug":"erste-schritte-am-pc-mit-windows-7-und-word-2010-www-vhs-vogelsberg-de","status":"publish","type":"post","link":"https:\/\/www.fuldaernachrichten.de\/?p=147227","title":{"rendered":"Erste Schritte am PC mit Windows 7 und Word 2010 &#8211; www.vhs-vogelsberg.de"},"content":{"rendered":"<p>Ein Kurs der Volkshochschule des Vogelsbergkreises wird ab Freitag, 05. Februar 2016, 09:00 Uhr bis 11:15 Uhr in Alsfeld, vhs, Volkmarstra\u00dfe 6, Raum 03 &#8211; EDV (EG) angeboten.<\/p>\n<p>In unserem Grundlagenkurs erwerben die Teilnehmerinnen und Teilnehmer unter gezielter Anleitung solides Basiswissen \u00fcber die Arbeitsweise und Anwendungsm\u00f6glichkeiten eines PC&#8217;s. In einem angemessenen Lerntempo und gezielten \u00dcbungen erkunden die Teilnehmerinnen und Teilnehmer wesentliche Programme.<\/p>\n<p>Weitere Informationen und Anmeldungen bei der Volkshochschule, F\u00e4rbergasse 2, 36304 Alsfeld, Tel.: 06631\/792-7820, www.vhs-vogelsberg.de<\/p>\n","protected":false},"excerpt":{"rendered":"<div class=\"tmnf_excerpt\"><p>Ein Kurs der Volkshochschule des Vogelsbergkreises wird ab Freitag, 05. Februar 2016, 09:00 Uhr bis 11:15 Uhr in Alsfeld, vhs, Volkmarstra\u00dfe 6, Raum 03 &#8211; EDV (EG) angeboten. In unserem Grundlagenkurs erwerben die Teilnehmerinnen und Teilnehmer unter gezielter Anleitung solides Basiswissen \u00fcber die Arbeitsweise und Anwendungsm\u00f6glichkeiten eines PC&#8217;s. In einem angemessenen Lerntempo und gezielten \u00dcbungen &hellip;<\/p>\n<\/div>","protected":false},"author":1,"featured_media":0,"comment_status":"closed","ping_status":"closed","sticky":false,"template":"","format":"standard","meta":{"footnotes":""},"categories":[53],"tags":[],"class_list":["post-147227","post","type-post","status-publish","format-standard","hentry","category-bildung"],"_links":{"self":[{"href":"https:\/\/www.fuldaernachrichten.de\/index.php?rest_route=\/wp\/v2\/posts\/147227","targetHints":{"allow":["GET"]}}],"collection":[{"href":"https:\/\/www.fuldaernachrichten.de\/index.php?rest_route=\/wp\/v2\/posts"}],"about":[{"href":"https:\/\/www.fuldaernachrichten.de\/index.php?rest_route=\/wp\/v2\/types\/post"}],"author":[{"embeddable":true,"href":"https:\/\/www.fuldaernachrichten.de\/index.php?rest_route=\/wp\/v2\/users\/1"}],"replies":[{"embeddable":true,"href":"https:\/\/www.fuldaernachrichten.de\/index.php?rest_route=%2Fwp%2Fv2%2Fcomments&post=147227"}],"version-history":[{"count":1,"href":"https:\/\/www.fuldaernachrichten.de\/index.php?rest_route=\/wp\/v2\/posts\/147227\/revisions"}],"predecessor-version":[{"id":147228,"href":"https:\/\/www.fuldaernachrichten.de\/index.php?rest_route=\/wp\/v2\/posts\/147227\/revisions\/147228"}],"wp:attachment":[{"href":"https:\/\/www.fuldaernachrichten.de\/index.php?rest_route=%2Fwp%2Fv2%2Fmedia&parent=147227"}],"wp:term":[{"taxonomy":"category","embeddable":true,"href":"https:\/\/www.fuldaernachrichten.de\/index.php?rest_route=%2Fwp%2Fv2%2Fcategories&post=147227"},{"taxonomy":"post_tag","embeddable":true,"href":"https:\/\/www.fuldaernachrichten.de\/index.php?rest_route=%2Fwp%2Fv2%2Ftags&post=147227"}],"curies":[{"name":"wp","href":"https:\/\/api.w.org\/{rel}","templated":true}]}}