{"id":147214,"date":"2016-01-18T08:56:59","date_gmt":"2016-01-18T07:56:59","guid":{"rendered":"http:\/\/www.fuldaer-nachrichten.de\/?p=147214"},"modified":"2016-01-18T08:56:59","modified_gmt":"2016-01-18T07:56:59","slug":"action-painting-vhs-kurs-am-samstag-13-februar-um-10-uhr-im-georg-stieler-haus","status":"publish","type":"post","link":"https:\/\/www.fuldaernachrichten.de\/?p=147214","title":{"rendered":"Action-Painting &#8211; VHS-Kurs am Samstag, 13. Februar, um 10 Uhr im Georg-Stieler-Haus"},"content":{"rendered":"<p>Bei Action-Painting handelt es sich um Impuls-Kunst mit Farbe auf gro\u00dfen Leinw\u00e4nden. Mit H\u00e4nden, Spr\u00fchdosen, Schaufeln und gro\u00dfen Pinseln gestalten die Teilnehmer eines Kurses der Volkshochschule des Landkreises Fulda ihre eine eigene Leinwand. Beginn ist am Samstag, 13.\u00c2\u00a0 Februar, um 10 Uhr in Fulda, Georg-Stieler-Haus, Gallasiniring 1. Anmeldung unter Kursnummer VM2050120 www.vhs-fulda.de oder Telefon (0661)6006-1600.<\/p>\n","protected":false},"excerpt":{"rendered":"<div class=\"tmnf_excerpt\"><p>Bei Action-Painting handelt es sich um Impuls-Kunst mit Farbe auf gro\u00dfen Leinw\u00e4nden. Mit H\u00e4nden, Spr\u00fchdosen, Schaufeln und gro\u00dfen Pinseln gestalten die Teilnehmer eines Kurses der Volkshochschule des Landkreises Fulda ihre eine eigene Leinwand. Beginn ist am Samstag, 13.\u00c2\u00a0 Februar, um 10 Uhr in Fulda, Georg-Stieler-Haus, Gallasiniring 1. Anmeldung unter Kursnummer VM2050120 www.vhs-fulda.de oder Telefon (0661)6006-1600.<\/p>\n<\/div>","protected":false},"author":1,"featured_media":0,"comment_status":"closed","ping_status":"closed","sticky":false,"template":"","format":"standard","meta":{"footnotes":""},"categories":[1],"tags":[],"class_list":["post-147214","post","type-post","status-publish","format-standard","hentry","category-startseite"],"_links":{"self":[{"href":"https:\/\/www.fuldaernachrichten.de\/index.php?rest_route=\/wp\/v2\/posts\/147214","targetHints":{"allow":["GET"]}}],"collection":[{"href":"https:\/\/www.fuldaernachrichten.de\/index.php?rest_route=\/wp\/v2\/posts"}],"about":[{"href":"https:\/\/www.fuldaernachrichten.de\/index.php?rest_route=\/wp\/v2\/types\/post"}],"author":[{"embeddable":true,"href":"https:\/\/www.fuldaernachrichten.de\/index.php?rest_route=\/wp\/v2\/users\/1"}],"replies":[{"embeddable":true,"href":"https:\/\/www.fuldaernachrichten.de\/index.php?rest_route=%2Fwp%2Fv2%2Fcomments&post=147214"}],"version-history":[{"count":1,"href":"https:\/\/www.fuldaernachrichten.de\/index.php?rest_route=\/wp\/v2\/posts\/147214\/revisions"}],"predecessor-version":[{"id":147218,"href":"https:\/\/www.fuldaernachrichten.de\/index.php?rest_route=\/wp\/v2\/posts\/147214\/revisions\/147218"}],"wp:attachment":[{"href":"https:\/\/www.fuldaernachrichten.de\/index.php?rest_route=%2Fwp%2Fv2%2Fmedia&parent=147214"}],"wp:term":[{"taxonomy":"category","embeddable":true,"href":"https:\/\/www.fuldaernachrichten.de\/index.php?rest_route=%2Fwp%2Fv2%2Fcategories&post=147214"},{"taxonomy":"post_tag","embeddable":true,"href":"https:\/\/www.fuldaernachrichten.de\/index.php?rest_route=%2Fwp%2Fv2%2Ftags&post=147214"}],"curies":[{"name":"wp","href":"https:\/\/api.w.org\/{rel}","templated":true}]}}