{"id":147197,"date":"2016-01-17T22:11:26","date_gmt":"2016-01-17T21:11:26","guid":{"rendered":"http:\/\/www.fuldaer-nachrichten.de\/?p=147197"},"modified":"2016-01-17T22:11:26","modified_gmt":"2016-01-17T21:11:26","slug":"verteilung-von-musterstimmzetteln-beginnt-in-den-naechsten-tagen-vorbereitungen-fuer-kommunalwahlen-am-6-maerz-laufen","status":"publish","type":"post","link":"https:\/\/www.fuldaernachrichten.de\/?p=147197","title":{"rendered":"Verteilung von Musterstimmzetteln beginnt in den n\u00e4chsten Tagen &#8211; Vorbereitungen f\u00fcr Kommunalwahlen am 6. M\u00e4rz laufen"},"content":{"rendered":"<p>Am 6. M\u00e4rz 2016 finden in Hessen Kommunalwahlen statt. An diesem Tag werden die Kreistage, Gemeindevertretungen und Stadtverordnetenversammlungen sowie Ortsbeir\u00e4te f\u00fcr die n\u00e4chsten f\u00fcnf Jahre neu gew\u00e4hlt.<\/p>\n<p>Zur Kreistagswahl im Landkreis Fulda wurden acht Wahlvorschl\u00e4ge zugelassen. Sie kommen von CDU, SPD, GR\u00dcNE, FDP, CWE, Die Linke.Offene Liste, REP und AfD. Entsprechend der wahlrechtlichen Vorschriften werden die zugelassenen Wahlvorschl\u00e4ge auf den Kreisseiten vom 16. Januar 2016 ver\u00f6ffentlicht. Neben Namen und Kurzbezeichnung des Wahlvorschlags sind zu jeder Bewerberin und zu jedem Bewerber der Familien- und Vorname, Beruf oder Stand, Geburtsort und -jahr sowie die Anschrift des Wohnorts aufgef\u00fchrt. Insgesamt bewerben sich 425 Kandidaten um 81 Sitze. Bei der Kreiswahl 2011 waren es 472 Personen.<\/p>\n<p>Im zeitlichen Zusammenhang mit der \u00f6ffentlichen Bekanntmachung findet die Verteilung der Musterstimmzettel statt. So k\u00f6nnen sich die W\u00e4hlerinnen und W\u00e4hler bereits vor dem Gang zum Wahllokal mit dem Inhalt des Stimmzettels vertraut machen. Zudem sind auf der R\u00fcckseite des Musterstimmzettels Informationen \u00fcber die M\u00f6glichkeiten der Stimmabgabe abgedruckt. Im Hinblick auf die gleichzeitige Durchf\u00fchrung der Kreis-, Gemeinde- und Ortsbeiratswahlen wurde zwischen den Gemeinde- beziehungsweise Stadtverwaltungen und der Kreisverwaltung vereinbart, die Musterstimmzettel gemeinsam zu verteilen.<\/p>\n<p>Die Verteilung der Musterstimmzettel, die in den einzelnen Kommunen unterschiedlich erfolgt, wird in den n\u00e4chsten Tagen beginnen. Neben der Verteilung sind die Musterstimmzettel bei den Gemeinde- beziehungsweise Stadtverwaltungen &#8211; der Musterstimmzettel f\u00fcr die Kreiswahl zus\u00e4tzlich bei der Kreisverwaltung &#8211; erh\u00e4ltlich. Der Musterstimmzettel f\u00fcr die Kreiswahl ist auch auf der Internetseite www.landkreis-fulda.de\/landkreis-intern\/wahlen\/kommunalwahl abrufbar. Wer sich dar\u00fcber hinaus weitergehend (z.B. \u00fcber das Wahlsystem) informieren m\u00f6chte, kann dies unter www.wahlen.hessen.de (Stichwort: Kommunen) tun.<\/p>\n","protected":false},"excerpt":{"rendered":"<div class=\"tmnf_excerpt\"><p>Am 6. M\u00e4rz 2016 finden in Hessen Kommunalwahlen statt. An diesem Tag werden die Kreistage, Gemeindevertretungen und Stadtverordnetenversammlungen sowie Ortsbeir\u00e4te f\u00fcr die n\u00e4chsten f\u00fcnf Jahre neu gew\u00e4hlt. Zur Kreistagswahl im Landkreis Fulda wurden acht Wahlvorschl\u00e4ge zugelassen. Sie kommen von CDU, SPD, GR\u00dcNE, FDP, CWE, Die Linke.Offene Liste, REP und AfD. Entsprechend der wahlrechtlichen Vorschriften werden &hellip;<\/p>\n<\/div>","protected":false},"author":1,"featured_media":0,"comment_status":"closed","ping_status":"closed","sticky":false,"template":"","format":"standard","meta":{"footnotes":""},"categories":[29],"tags":[],"class_list":["post-147197","post","type-post","status-publish","format-standard","hentry","category-politik"],"_links":{"self":[{"href":"https:\/\/www.fuldaernachrichten.de\/index.php?rest_route=\/wp\/v2\/posts\/147197","targetHints":{"allow":["GET"]}}],"collection":[{"href":"https:\/\/www.fuldaernachrichten.de\/index.php?rest_route=\/wp\/v2\/posts"}],"about":[{"href":"https:\/\/www.fuldaernachrichten.de\/index.php?rest_route=\/wp\/v2\/types\/post"}],"author":[{"embeddable":true,"href":"https:\/\/www.fuldaernachrichten.de\/index.php?rest_route=\/wp\/v2\/users\/1"}],"replies":[{"embeddable":true,"href":"https:\/\/www.fuldaernachrichten.de\/index.php?rest_route=%2Fwp%2Fv2%2Fcomments&post=147197"}],"version-history":[{"count":1,"href":"https:\/\/www.fuldaernachrichten.de\/index.php?rest_route=\/wp\/v2\/posts\/147197\/revisions"}],"predecessor-version":[{"id":147198,"href":"https:\/\/www.fuldaernachrichten.de\/index.php?rest_route=\/wp\/v2\/posts\/147197\/revisions\/147198"}],"wp:attachment":[{"href":"https:\/\/www.fuldaernachrichten.de\/index.php?rest_route=%2Fwp%2Fv2%2Fmedia&parent=147197"}],"wp:term":[{"taxonomy":"category","embeddable":true,"href":"https:\/\/www.fuldaernachrichten.de\/index.php?rest_route=%2Fwp%2Fv2%2Fcategories&post=147197"},{"taxonomy":"post_tag","embeddable":true,"href":"https:\/\/www.fuldaernachrichten.de\/index.php?rest_route=%2Fwp%2Fv2%2Ftags&post=147197"}],"curies":[{"name":"wp","href":"https:\/\/api.w.org\/{rel}","templated":true}]}}