{"id":147196,"date":"2016-01-17T22:13:37","date_gmt":"2016-01-17T21:13:37","guid":{"rendered":"http:\/\/www.fuldaer-nachrichten.de\/?p=147196"},"modified":"2016-01-17T22:13:37","modified_gmt":"2016-01-17T21:13:37","slug":"erster-kreisbeigeordneter-frederik-schmitt-besucht-vhs-zwerge","status":"publish","type":"post","link":"https:\/\/www.fuldaernachrichten.de\/?p=147196","title":{"rendered":"Erster Kreisbeigeordneter Frederik Schmitt besucht VHS-Zwerge"},"content":{"rendered":"<p>Gleich doppelten Besuch hatte die Kindertagesst\u00e4tte in der Magdeburger Stra\u00dfe. Zum einen \u00fcberbrachten die Sternsinger aus der Stadtpfarrei ihre Segensw\u00fcnsche. Zum anderen informierte sich Erster Kreisbeigeordneter Frederik Schmitt \u00fcber die \u201eVHS-Zwerge\u201c, ein hessenweit einmaliges Betreuungsangebot f\u00fcr Studierende der Schule f\u00fcr Erwachsene Osthessen, bei dem der Landkreis Fulda mit dem gemeinn\u00fctzigen Verein \u201eDie Wilde 15\u201c\u00c2\u00a0 kooperiert.<\/p>\n<p>Das Projekt l\u00e4uft seit Februar 2012 und beinhaltet die Betreuung von Kindern, deren Eltern die nahe gelegene Schule f\u00fcr Erwachsene auf dem Eduard-Stieler-Campus besuchen. Das Angebot ist f\u00fcr die Eltern kostenfrei und kann an Schultagen zwischen 15.30 Uhr und 20.30 Uhr genutzt werden. Dahinter steht die Intention, dass niemand durch fehlende Betreuungsm\u00f6glichkeiten gehindert werden d\u00fcrfe, einen qualifizierten Schulabschluss zu erwerben und so seine Chancen auf dem Ausbildungs- oder Arbeitsmarkt zu verbessern. Zudem soll auf diese Weise die Abbruchquote reduziert werden. Zielgruppe sind vor allem Alleinerziehende, aber auch Studierende mit Migrationshintergrund.<\/p>\n<p>Zurzeit besuchen zehn Kinder im Alter von einem bis acht Jahren die \u201eVHS-Zwerge\u201c. (Die Schule f\u00fcr Erwachsene als eigenst\u00e4ndige staatliche Schule kooperiert in ihrem Bildungsauftrag mit den Volkshochschulen der Landkreise Fulda und Hersfeld-Rotenburg.) St\u00e4rke und Zusammensetzung der alters\u00fcbergreifenden Gruppe sind relativ starken Schwankungen unterworfen, was ein flexibles p\u00e4dagogisches Konzept notwendig mache, so die kommissarische Leiterin Edith K\u00f6nig-Trapp. Hinzu kommen die ungew\u00f6hnlichen Betreuungszeiten in den Abendstunden. Auch wird in den Schulferien keine Betreuung bei den VHS-Zwergen angeboten, wodurch sich die Gruppe immer wieder neu finden muss.<\/p>\n<p>Die Vereinsvorsitzende Heike Ihnenfeld sprach von einem erfolgreichen Projekt, das zur famili\u00e4ren Entspannung bei den betroffenen Eltern beitrage. Die R\u00fcckmeldungen seien rundweg positiv. Durch die Sicherstellung der Kinderbetreuung w\u00fcrden wichtige Voraussetzungen f\u00fcr ein st\u00f6rungsfreies Lernen und damit den sp\u00e4teren Berufseinstieg geschaffen. Man habe bereits Anfragen von anderen interessierten Partnern erhalten, sto\u00dfe aber auch aufgrund der zunehmenden Zahl von Kindern mit Migrationshintergrund an organisatorische und personelle Grenzen. Nach Angaben von Heike Ihnenfeld sind unter den 36 Kindern in der Kindertagesst\u00e4tte insgesamt 15 Nationalit\u00e4ten vertreten.<\/p>\n<p>Erster Kreisbeigeordneter Schmitt betonte, dass es f\u00fcr das Angebot offensichtlich einen Bedarf gebe. Er lobte seinen Amtsvorg\u00e4nger Dr. Heiko Wingenfeld, der diese in die Zukunft gerichtete Initiative zur Unterst\u00fctzung junger Familien vorangetrieben habe, und stellte in Aussicht, sich wegen des zus\u00e4tzlichen Aufwands f\u00fcr die Integration von Fl\u00fcchtlingskindern um eine Landesf\u00f6rderung bem\u00fchen zu wollen. Diplom-P\u00e4dagoge und Lehrer Helmut Sch\u00f6nberger, der das Projekt bei der Schule f\u00fcr Erwachsene betreut, \u00e4u\u00dferte die Hoffnung auf zus\u00e4tzliche Studierende durch das spezielle Betreuungsangebot, gerade unter Migranten. Da das neue Semester im Februar beginnt, sollten Anmeldungen m\u00f6glichst umgehend erfolgen.<\/p>\n<p>Kontakt<br \/>\nN\u00e4here Informationen rund um den Verein \u201eDie Wilde 15\u201c gibt es unter Telefon (0661)9015513, E-Mail info@wilde-15-fulda.de und www.wilde-15-fulda.de. Die B\u00fcrozeiten sind montags, dienstags und donnerstags von 9 bis 12 Uhr. N\u00e4here Informationen zur Schule f\u00fcr Erwachsene Osthessen gibt es unter Telefon (0661)48038692, E-Mail sfe.osthessen@t-online.de\u00c2\u00a0 und www.sfe-osthessen.de. Hier ist das Sekretariat montags bis freitags von 15.30 Uhr bis 20.30 Uhr besetzt.<\/p>\n<p>BU: Erster Kreisbeigeordneter Frederik Schmitt (hintere Reihe rechts) hatte zur Verst\u00e4rkung die Sternsinger mitgebracht.<\/p>\n","protected":false},"excerpt":{"rendered":"<div class=\"tmnf_excerpt\"><p>Gleich doppelten Besuch hatte die Kindertagesst\u00e4tte in der Magdeburger Stra\u00dfe. Zum einen \u00fcberbrachten die Sternsinger aus der Stadtpfarrei ihre Segensw\u00fcnsche. Zum anderen informierte sich Erster Kreisbeigeordneter Frederik Schmitt \u00fcber die \u201eVHS-Zwerge\u201c, ein hessenweit einmaliges Betreuungsangebot f\u00fcr Studierende der Schule f\u00fcr Erwachsene Osthessen, bei dem der Landkreis Fulda mit dem gemeinn\u00fctzigen Verein \u201eDie Wilde 15\u201c\u00c2\u00a0 kooperiert. &hellip;<\/p>\n<\/div>","protected":false},"author":1,"featured_media":147206,"comment_status":"closed","ping_status":"closed","sticky":false,"template":"","format":"standard","meta":{"footnotes":""},"categories":[29],"tags":[],"class_list":["post-147196","post","type-post","status-publish","format-standard","has-post-thumbnail","hentry","category-politik"],"_links":{"self":[{"href":"https:\/\/www.fuldaernachrichten.de\/index.php?rest_route=\/wp\/v2\/posts\/147196","targetHints":{"allow":["GET"]}}],"collection":[{"href":"https:\/\/www.fuldaernachrichten.de\/index.php?rest_route=\/wp\/v2\/posts"}],"about":[{"href":"https:\/\/www.fuldaernachrichten.de\/index.php?rest_route=\/wp\/v2\/types\/post"}],"author":[{"embeddable":true,"href":"https:\/\/www.fuldaernachrichten.de\/index.php?rest_route=\/wp\/v2\/users\/1"}],"replies":[{"embeddable":true,"href":"https:\/\/www.fuldaernachrichten.de\/index.php?rest_route=%2Fwp%2Fv2%2Fcomments&post=147196"}],"version-history":[{"count":1,"href":"https:\/\/www.fuldaernachrichten.de\/index.php?rest_route=\/wp\/v2\/posts\/147196\/revisions"}],"predecessor-version":[{"id":147207,"href":"https:\/\/www.fuldaernachrichten.de\/index.php?rest_route=\/wp\/v2\/posts\/147196\/revisions\/147207"}],"wp:featuredmedia":[{"embeddable":true,"href":"https:\/\/www.fuldaernachrichten.de\/index.php?rest_route=\/wp\/v2\/media\/147206"}],"wp:attachment":[{"href":"https:\/\/www.fuldaernachrichten.de\/index.php?rest_route=%2Fwp%2Fv2%2Fmedia&parent=147196"}],"wp:term":[{"taxonomy":"category","embeddable":true,"href":"https:\/\/www.fuldaernachrichten.de\/index.php?rest_route=%2Fwp%2Fv2%2Fcategories&post=147196"},{"taxonomy":"post_tag","embeddable":true,"href":"https:\/\/www.fuldaernachrichten.de\/index.php?rest_route=%2Fwp%2Fv2%2Ftags&post=147196"}],"curies":[{"name":"wp","href":"https:\/\/api.w.org\/{rel}","templated":true}]}}