{"id":147175,"date":"2016-01-16T00:44:58","date_gmt":"2016-01-15T23:44:58","guid":{"rendered":"http:\/\/www.fuldaer-nachrichten.de\/?p=147175"},"modified":"2016-01-15T16:46:59","modified_gmt":"2016-01-15T15:46:59","slug":"veranstaltungsprogramm-2016-der-katholischen-jungen-gemeinde-kjg-im-bistum-fulda-erschienen","status":"publish","type":"post","link":"https:\/\/www.fuldaernachrichten.de\/?p=147175","title":{"rendered":"Veranstaltungsprogramm 2016 der Katholischen Jungen Gemeinde (KjG) im Bistum Fulda erschienen"},"content":{"rendered":"<p>Die Katholische junge Gemeinde Fulda bietet auch im Jahr 2016 ein breit gef\u00e4chertes Angebot f\u00fcr Kinder, Jugendliche und junge Erwachsene im Bistum Fulda. F\u00fcr eine Teilnahme an den Ferienfreizeiten, Kursen und Events ist die Mitgliedschaft in dem Kinder- und Jugendverband nicht notwendig, da das Programm allen Interessierten offen steht.<\/p>\n<p>So k\u00f6nnen Kinder und Jugendliche beispielsweise in den Osterferien bei den Aktivwochen in Bad Orb Spa\u00df und Zusammenhalt erleben und junge Erwachsene einen Gruppenleiter-Grundkurs besuchen, welcher zus\u00e4tzlich noch einmal in den Herbstferien angeboten wird. In den Sommerferien stehen ein gro\u00dfes Zeltlager auf dem Buchschirm bei Hilders und die integrativen Freizeiten nach Kleinsassen oder dem Goldensee auf dem Programm. Daneben gibt es auch Wochenendveranstaltungen rund um die Themen Glaube, Weiterbildung und Freizeitspa\u00df.<\/p>\n<p>Die Anmeldung zu den Veranstaltungen ist ab sofort im Internet unter www.kjg-fulda.de m\u00f6glich. Dort gibt es auch weitere Informationen und eine vollst\u00e4ndige Angebots\u00fcbersicht. Auch die gerade erschienene \u201eWir leben es!\u201c Brosch\u00fcre, welche in der KjG Di\u00f6zesanstelle Fulda, Paulustor 5, erh\u00e4ltlich ist, gibt hier\u00fcber Auskunft. Eine Bestellung ist unter Tel. 0661\/87462 oder per Mail an kjg@bistum-fulda.de m\u00f6glich.<\/p>\n","protected":false},"excerpt":{"rendered":"<div class=\"tmnf_excerpt\"><p>Die Katholische junge Gemeinde Fulda bietet auch im Jahr 2016 ein breit gef\u00e4chertes Angebot f\u00fcr Kinder, Jugendliche und junge Erwachsene im Bistum Fulda. F\u00fcr eine Teilnahme an den Ferienfreizeiten, Kursen und Events ist die Mitgliedschaft in dem Kinder- und Jugendverband nicht notwendig, da das Programm allen Interessierten offen steht. So k\u00f6nnen Kinder und Jugendliche beispielsweise &hellip;<\/p>\n<\/div>","protected":false},"author":1,"featured_media":147182,"comment_status":"closed","ping_status":"closed","sticky":false,"template":"","format":"standard","meta":{"footnotes":""},"categories":[1],"tags":[],"class_list":["post-147175","post","type-post","status-publish","format-standard","has-post-thumbnail","hentry","category-startseite"],"_links":{"self":[{"href":"https:\/\/www.fuldaernachrichten.de\/index.php?rest_route=\/wp\/v2\/posts\/147175","targetHints":{"allow":["GET"]}}],"collection":[{"href":"https:\/\/www.fuldaernachrichten.de\/index.php?rest_route=\/wp\/v2\/posts"}],"about":[{"href":"https:\/\/www.fuldaernachrichten.de\/index.php?rest_route=\/wp\/v2\/types\/post"}],"author":[{"embeddable":true,"href":"https:\/\/www.fuldaernachrichten.de\/index.php?rest_route=\/wp\/v2\/users\/1"}],"replies":[{"embeddable":true,"href":"https:\/\/www.fuldaernachrichten.de\/index.php?rest_route=%2Fwp%2Fv2%2Fcomments&post=147175"}],"version-history":[{"count":1,"href":"https:\/\/www.fuldaernachrichten.de\/index.php?rest_route=\/wp\/v2\/posts\/147175\/revisions"}],"predecessor-version":[{"id":147183,"href":"https:\/\/www.fuldaernachrichten.de\/index.php?rest_route=\/wp\/v2\/posts\/147175\/revisions\/147183"}],"wp:featuredmedia":[{"embeddable":true,"href":"https:\/\/www.fuldaernachrichten.de\/index.php?rest_route=\/wp\/v2\/media\/147182"}],"wp:attachment":[{"href":"https:\/\/www.fuldaernachrichten.de\/index.php?rest_route=%2Fwp%2Fv2%2Fmedia&parent=147175"}],"wp:term":[{"taxonomy":"category","embeddable":true,"href":"https:\/\/www.fuldaernachrichten.de\/index.php?rest_route=%2Fwp%2Fv2%2Fcategories&post=147175"},{"taxonomy":"post_tag","embeddable":true,"href":"https:\/\/www.fuldaernachrichten.de\/index.php?rest_route=%2Fwp%2Fv2%2Ftags&post=147175"}],"curies":[{"name":"wp","href":"https:\/\/api.w.org\/{rel}","templated":true}]}}