{"id":147174,"date":"2016-01-15T16:45:41","date_gmt":"2016-01-15T15:45:41","guid":{"rendered":"http:\/\/www.fuldaer-nachrichten.de\/?p=147174"},"modified":"2016-01-15T16:45:41","modified_gmt":"2016-01-15T15:45:41","slug":"ausfuehrliches-angebot-an-fortbildungen-fuer-pflege-und-betreuungskraefte","status":"publish","type":"post","link":"https:\/\/www.fuldaernachrichten.de\/?p=147174","title":{"rendered":"Ausf\u00fchrliches Angebot an Fortbildungen f\u00fcr Pflege- und Betreuungskr\u00e4fte"},"content":{"rendered":"<p>In der Altenpflege ist viel in Bewegung \u2013 so, wie die Einrichtungen auf gut geschulte Mitarbeiterinnen und Mitarbeiter angewiesen sind, m\u00fcssen sich umgekehrt die Pflegekr\u00e4fte f\u00fcr ihren Job auch durch stetiges Fortbilden fit halten.<\/p>\n<p>Die Caritas Altenpflegeschule Fulda, verl\u00e4sslicher Partner von Altenpflegeeinrichtungen in der Region Fulda-Rh\u00f6n und Ausbilder von Pflegekr\u00e4ften sowohl der station\u00e4ren wie auch der ambulanten Altenpflege, bietet daher auch bedarfsgerechte\u00c2\u00a0 Seminare zur Weiterbildung. Inhaltlich gehen diese Veranstaltungen auf zahlreiche relevante Aspekte der t\u00e4glichen Pfleget\u00e4tigkeit ein. Aber auch Lenkungsaufgaben werden thematisiert.<\/p>\n<p>Im Kurs \u201eAlte Hasen \u2013 junge H\u00fcpfer \u2013 Kompetenz hat viele Seiten\u201c geht es zum Beispiel um ein positives Zusammenspiel langj\u00e4hriger erfahrener Mitarbeiter und Neulingen in einem Team. Einzelfragen wie Kommunikation mit dementiell erkrankten Menschen oder gewaltfrei Pflege werden ebenso in Seminaren behandelt, wie es auch einen Motivationstag f\u00fcr Mitarbeiter der Pflege oder die Weiterbildung\u00c2\u00a0 zur Betreuungskraft gibt.<\/p>\n<p>Alternativ zu den ausgeschriebenen Seminaren bietet das Team der Fuldaer Caritas Altenpflegeschule um Schulleiterin Dajana Herbst auch so genannte Inhouse-Schulungen an. \u201eDiese Veranstaltungen werden dabei entsprechend der W\u00fcnsche und Bedarfe der jeweiligen\u00c2\u00a0 Einrichtung ma\u00dfgeschneidert\u201c, erl\u00e4utert Dajana Herbst. \u201eFast jeder thematische Aspekt kann entsprechend aufbereitet werden. Dazu gehen wir gerne auf die individuellen W\u00fcnsche des Auftraggebers ein.\u201c<\/p>\n<p>Die\u00c2\u00a0 Fortbildungsbrosch\u00fcre 2016 der Caritas Altenpflegeschule Fulda kann von Interessierten kostenlos angefordert werden \u2013 per Mail unter lehranstalt.altenpflege@caritas-fulda.de oder telefonisch: 0661 \/ 6205-200. Unter dieser Telefonnummer sind auch erste Absprachen f\u00fcr Inhouse-Schulungen m\u00f6glich, und nat\u00fcrlich werden R\u00fcckfragen von Interessierten zu den Ausbildungsg\u00e4ngen und zum Fortbildungsprogramm beantwortet. Auch online steht \u00fcbrigens das komplette Programm 2016 bereit und kann jederzeit heruntergeladen werden \u2013 dazu einfach unter www.caritas-altenpflegeschule-fulda.de \u201eFortbildungen\u201c anklicken.<\/p>\n","protected":false},"excerpt":{"rendered":"<div class=\"tmnf_excerpt\"><p>In der Altenpflege ist viel in Bewegung \u2013 so, wie die Einrichtungen auf gut geschulte Mitarbeiterinnen und Mitarbeiter angewiesen sind, m\u00fcssen sich umgekehrt die Pflegekr\u00e4fte f\u00fcr ihren Job auch durch stetiges Fortbilden fit halten. Die Caritas Altenpflegeschule Fulda, verl\u00e4sslicher Partner von Altenpflegeeinrichtungen in der Region Fulda-Rh\u00f6n und Ausbilder von Pflegekr\u00e4ften sowohl der station\u00e4ren wie auch &hellip;<\/p>\n<\/div>","protected":false},"author":1,"featured_media":147179,"comment_status":"closed","ping_status":"closed","sticky":false,"template":"","format":"standard","meta":{"footnotes":""},"categories":[50],"tags":[],"class_list":["post-147174","post","type-post","status-publish","format-standard","has-post-thumbnail","hentry","category-kirche"],"_links":{"self":[{"href":"https:\/\/www.fuldaernachrichten.de\/index.php?rest_route=\/wp\/v2\/posts\/147174","targetHints":{"allow":["GET"]}}],"collection":[{"href":"https:\/\/www.fuldaernachrichten.de\/index.php?rest_route=\/wp\/v2\/posts"}],"about":[{"href":"https:\/\/www.fuldaernachrichten.de\/index.php?rest_route=\/wp\/v2\/types\/post"}],"author":[{"embeddable":true,"href":"https:\/\/www.fuldaernachrichten.de\/index.php?rest_route=\/wp\/v2\/users\/1"}],"replies":[{"embeddable":true,"href":"https:\/\/www.fuldaernachrichten.de\/index.php?rest_route=%2Fwp%2Fv2%2Fcomments&post=147174"}],"version-history":[{"count":1,"href":"https:\/\/www.fuldaernachrichten.de\/index.php?rest_route=\/wp\/v2\/posts\/147174\/revisions"}],"predecessor-version":[{"id":147180,"href":"https:\/\/www.fuldaernachrichten.de\/index.php?rest_route=\/wp\/v2\/posts\/147174\/revisions\/147180"}],"wp:featuredmedia":[{"embeddable":true,"href":"https:\/\/www.fuldaernachrichten.de\/index.php?rest_route=\/wp\/v2\/media\/147179"}],"wp:attachment":[{"href":"https:\/\/www.fuldaernachrichten.de\/index.php?rest_route=%2Fwp%2Fv2%2Fmedia&parent=147174"}],"wp:term":[{"taxonomy":"category","embeddable":true,"href":"https:\/\/www.fuldaernachrichten.de\/index.php?rest_route=%2Fwp%2Fv2%2Fcategories&post=147174"},{"taxonomy":"post_tag","embeddable":true,"href":"https:\/\/www.fuldaernachrichten.de\/index.php?rest_route=%2Fwp%2Fv2%2Ftags&post=147174"}],"curies":[{"name":"wp","href":"https:\/\/api.w.org\/{rel}","templated":true}]}}