{"id":147172,"date":"2016-01-15T12:24:54","date_gmt":"2016-01-15T11:24:54","guid":{"rendered":"http:\/\/www.fuldaer-nachrichten.de\/?p=147172"},"modified":"2016-01-15T12:24:54","modified_gmt":"2016-01-15T11:24:54","slug":"vortrag-unsere-nahrung-ist-unsere-medizin","status":"publish","type":"post","link":"https:\/\/www.fuldaernachrichten.de\/?p=147172","title":{"rendered":"Vortrag: Unsere Nahrung ist unsere Medizin"},"content":{"rendered":"<p>Durch den Verzehr bestimmter Lebensmittel kann dem Krebsrisiko wirksam vorgebeugt und eine Krebsbehandlung auf nat\u00fcrliche Weise unterst\u00fctzt werden. Bei einem VHS-Vortrag von Dr. Judith Gutberlet am Mittwoch, 20. Januar, um 19.30 Uhr im Georg-Stieler-Haus, Gallasiniring 1, erfahren die Teilnehmer, f\u00fcr welche Lebensmittel eine Anti-Krebs-Wirkung nachgewiesen wurde und wie wertvolle Inhaltsstoffe bei der Zubereitung erhalten bleiben. Interessenten k\u00f6nnen die Veranstaltung auch online per Live\u00fcbertragung verfolgen. Hierf\u00fcr ist ein einfacher PC mit guter Internetverbindung n\u00f6tig. Anmeldung unter Kursnummer VM3040102 www.vhs-fulda.de oder Telefon (0661)6006-1600.<\/p>\n","protected":false},"excerpt":{"rendered":"<div class=\"tmnf_excerpt\"><p>Durch den Verzehr bestimmter Lebensmittel kann dem Krebsrisiko wirksam vorgebeugt und eine Krebsbehandlung auf nat\u00fcrliche Weise unterst\u00fctzt werden. Bei einem VHS-Vortrag von Dr. Judith Gutberlet am Mittwoch, 20. Januar, um 19.30 Uhr im Georg-Stieler-Haus, Gallasiniring 1, erfahren die Teilnehmer, f\u00fcr welche Lebensmittel eine Anti-Krebs-Wirkung nachgewiesen wurde und wie wertvolle Inhaltsstoffe bei der Zubereitung erhalten bleiben. &hellip;<\/p>\n<\/div>","protected":false},"author":1,"featured_media":0,"comment_status":"closed","ping_status":"closed","sticky":false,"template":"","format":"standard","meta":{"footnotes":""},"categories":[51],"tags":[],"class_list":["post-147172","post","type-post","status-publish","format-standard","hentry","category-medizin"],"_links":{"self":[{"href":"https:\/\/www.fuldaernachrichten.de\/index.php?rest_route=\/wp\/v2\/posts\/147172","targetHints":{"allow":["GET"]}}],"collection":[{"href":"https:\/\/www.fuldaernachrichten.de\/index.php?rest_route=\/wp\/v2\/posts"}],"about":[{"href":"https:\/\/www.fuldaernachrichten.de\/index.php?rest_route=\/wp\/v2\/types\/post"}],"author":[{"embeddable":true,"href":"https:\/\/www.fuldaernachrichten.de\/index.php?rest_route=\/wp\/v2\/users\/1"}],"replies":[{"embeddable":true,"href":"https:\/\/www.fuldaernachrichten.de\/index.php?rest_route=%2Fwp%2Fv2%2Fcomments&post=147172"}],"version-history":[{"count":1,"href":"https:\/\/www.fuldaernachrichten.de\/index.php?rest_route=\/wp\/v2\/posts\/147172\/revisions"}],"predecessor-version":[{"id":147173,"href":"https:\/\/www.fuldaernachrichten.de\/index.php?rest_route=\/wp\/v2\/posts\/147172\/revisions\/147173"}],"wp:attachment":[{"href":"https:\/\/www.fuldaernachrichten.de\/index.php?rest_route=%2Fwp%2Fv2%2Fmedia&parent=147172"}],"wp:term":[{"taxonomy":"category","embeddable":true,"href":"https:\/\/www.fuldaernachrichten.de\/index.php?rest_route=%2Fwp%2Fv2%2Fcategories&post=147172"},{"taxonomy":"post_tag","embeddable":true,"href":"https:\/\/www.fuldaernachrichten.de\/index.php?rest_route=%2Fwp%2Fv2%2Ftags&post=147172"}],"curies":[{"name":"wp","href":"https:\/\/api.w.org\/{rel}","templated":true}]}}