{"id":147168,"date":"2016-01-15T12:24:28","date_gmt":"2016-01-15T11:24:28","guid":{"rendered":"http:\/\/www.fuldaer-nachrichten.de\/?p=147168"},"modified":"2016-01-15T12:24:28","modified_gmt":"2016-01-15T11:24:28","slug":"kreistagsvorsitzender-erhaelt-vom-innenminister-freiherr-vom-stein-plakette-franz-rupprecht-ist-ein-vorbild-fuer-buergerschaftliches-engagement","status":"publish","type":"post","link":"https:\/\/www.fuldaernachrichten.de\/?p=147168","title":{"rendered":"Kreistagsvorsitzender erh\u00e4lt vom Innenminister Freiherr-vom-Stein-Plakette \u201eFranz Rupprecht ist ein Vorbild f\u00fcr b\u00fcrgerschaftliches Engagement\u201c"},"content":{"rendered":"<p><a href=\"http:\/\/www.fuldaer-nachrichten.de\/wp-content\/uploads\/2016\/01\/017-Verleihung_4.jpg\" rel=\"attachment wp-att-147170\"><img decoding=\"async\" class=\"alignleft size-thumbnail wp-image-147170\" src=\"http:\/\/www.fuldaer-nachrichten.de\/wp-content\/uploads\/2016\/01\/017-Verleihung_4-265x178.jpg\" alt=\"017-Verleihung_4\" width=\"265\" height=\"178\" srcset=\"https:\/\/www.fuldaernachrichten.de\/wp-content\/uploads\/2016\/01\/017-Verleihung_4-265x178.jpg 265w, https:\/\/www.fuldaernachrichten.de\/wp-content\/uploads\/2016\/01\/017-Verleihung_4-768x516.jpg 768w, https:\/\/www.fuldaernachrichten.de\/wp-content\/uploads\/2016\/01\/017-Verleihung_4-600x403.jpg 600w, https:\/\/www.fuldaernachrichten.de\/wp-content\/uploads\/2016\/01\/017-Verleihung_4.jpg 900w\" sizes=\"(max-width: 265px) 100vw, 265px\" \/><\/a>Kreistagsvorsitzender Franz Rupprecht hat von Innenminister Peter Beuth die Freiherr-vom-Stein-Plakette &#8211; die h\u00f6chste Auszeichnung, die das Land Hessen f\u00fcr kommunale Verdienste vergibt &#8211; verliehen bekommen. Anl\u00e4sslich einer Feierstunde im Kreishaus w\u00fcrdigte der Innenminister das beispielgebende Wirken des 75-j\u00e4hrigen L\u00fctterers zum Wohle seiner Rh\u00f6ner Heimat. Franz Rupprecht sei ein Vorbild f\u00fcr b\u00fcrgerschaftliches Engagement und eine starke Stimme f\u00fcr die Region. Seit 1989 geh\u00f6rt der ehemalige Schulrektor und zweifache Familienvater dem Fuldaer Kreistag an, dem er von 1999 bis heute vorsitzt.<\/p>\n","protected":false},"excerpt":{"rendered":"<div class=\"tmnf_excerpt\"><p>Kreistagsvorsitzender Franz Rupprecht hat von Innenminister Peter Beuth die Freiherr-vom-Stein-Plakette &#8211; die h\u00f6chste Auszeichnung, die das Land Hessen f\u00fcr kommunale Verdienste vergibt &#8211; verliehen bekommen. Anl\u00e4sslich einer Feierstunde im Kreishaus w\u00fcrdigte der Innenminister das beispielgebende Wirken des 75-j\u00e4hrigen L\u00fctterers zum Wohle seiner Rh\u00f6ner Heimat. Franz Rupprecht sei ein Vorbild f\u00fcr b\u00fcrgerschaftliches Engagement und eine starke &hellip;<\/p>\n<\/div>","protected":false},"author":1,"featured_media":147169,"comment_status":"closed","ping_status":"closed","sticky":false,"template":"","format":"standard","meta":{"footnotes":""},"categories":[29],"tags":[],"class_list":["post-147168","post","type-post","status-publish","format-standard","has-post-thumbnail","hentry","category-politik"],"_links":{"self":[{"href":"https:\/\/www.fuldaernachrichten.de\/index.php?rest_route=\/wp\/v2\/posts\/147168","targetHints":{"allow":["GET"]}}],"collection":[{"href":"https:\/\/www.fuldaernachrichten.de\/index.php?rest_route=\/wp\/v2\/posts"}],"about":[{"href":"https:\/\/www.fuldaernachrichten.de\/index.php?rest_route=\/wp\/v2\/types\/post"}],"author":[{"embeddable":true,"href":"https:\/\/www.fuldaernachrichten.de\/index.php?rest_route=\/wp\/v2\/users\/1"}],"replies":[{"embeddable":true,"href":"https:\/\/www.fuldaernachrichten.de\/index.php?rest_route=%2Fwp%2Fv2%2Fcomments&post=147168"}],"version-history":[{"count":1,"href":"https:\/\/www.fuldaernachrichten.de\/index.php?rest_route=\/wp\/v2\/posts\/147168\/revisions"}],"predecessor-version":[{"id":147171,"href":"https:\/\/www.fuldaernachrichten.de\/index.php?rest_route=\/wp\/v2\/posts\/147168\/revisions\/147171"}],"wp:featuredmedia":[{"embeddable":true,"href":"https:\/\/www.fuldaernachrichten.de\/index.php?rest_route=\/wp\/v2\/media\/147169"}],"wp:attachment":[{"href":"https:\/\/www.fuldaernachrichten.de\/index.php?rest_route=%2Fwp%2Fv2%2Fmedia&parent=147168"}],"wp:term":[{"taxonomy":"category","embeddable":true,"href":"https:\/\/www.fuldaernachrichten.de\/index.php?rest_route=%2Fwp%2Fv2%2Fcategories&post=147168"},{"taxonomy":"post_tag","embeddable":true,"href":"https:\/\/www.fuldaernachrichten.de\/index.php?rest_route=%2Fwp%2Fv2%2Ftags&post=147168"}],"curies":[{"name":"wp","href":"https:\/\/api.w.org\/{rel}","templated":true}]}}