{"id":147165,"date":"2016-01-15T12:23:32","date_gmt":"2016-01-15T11:23:32","guid":{"rendered":"http:\/\/www.fuldaer-nachrichten.de\/?p=147165"},"modified":"2016-01-15T12:23:32","modified_gmt":"2016-01-15T11:23:32","slug":"bischof-algermissen-zu-besuch-in-der-abtei-st-maria-2","status":"publish","type":"post","link":"https:\/\/www.fuldaernachrichten.de\/?p=147165","title":{"rendered":"Bischof Algermissen zu Besuch in der Abtei St. Maria"},"content":{"rendered":"<p>Am Freitag besuchte Bischof Heinz Josef Algermissen die Benediktinerinnenabtei St. Maria in Fulda. Nach einer gemeinsamen Eucharistiefeier hielt der Bischof mit dem Konvent eine Nachschau auf die Ereignisse des vergangenen Jahres, vor allem die Visitationen und Pastoralbesuche des Bischofs sowie den Ad-Limina-Besuch bei Papst Franziskus. Bei dem intensiven Gespr\u00e4ch ging es auch um weitere Schritte in Richtung auf das Projekt 2030 des Bistums Fulda, konkret die Strategie\u00fcberlegungen als Weiterf\u00fchrung der pastoralen Richtlinien. Der Oberhirte brachte auch seine Sorgen \u00fcber die \u201eR\u00fcckz\u00fcge\u201c der Kongregationen und Geistlichen Gemeinschaften aus dem Bistum zum Ausdruck. Theologische Themen waren ferner das zu Ende gehende \u201eJahr der Orden\u201c und das von Papst Franziskus im Dezember er\u00f6ffnete \u201eHeilige Jahr der Barmherzigkeit\u201c.<\/p>\n","protected":false},"excerpt":{"rendered":"<div class=\"tmnf_excerpt\"><p>Am Freitag besuchte Bischof Heinz Josef Algermissen die Benediktinerinnenabtei St. Maria in Fulda. Nach einer gemeinsamen Eucharistiefeier hielt der Bischof mit dem Konvent eine Nachschau auf die Ereignisse des vergangenen Jahres, vor allem die Visitationen und Pastoralbesuche des Bischofs sowie den Ad-Limina-Besuch bei Papst Franziskus. Bei dem intensiven Gespr\u00e4ch ging es auch um weitere Schritte &hellip;<\/p>\n<\/div>","protected":false},"author":1,"featured_media":147166,"comment_status":"closed","ping_status":"closed","sticky":false,"template":"","format":"standard","meta":{"footnotes":""},"categories":[50],"tags":[],"class_list":["post-147165","post","type-post","status-publish","format-standard","has-post-thumbnail","hentry","category-kirche"],"_links":{"self":[{"href":"https:\/\/www.fuldaernachrichten.de\/index.php?rest_route=\/wp\/v2\/posts\/147165","targetHints":{"allow":["GET"]}}],"collection":[{"href":"https:\/\/www.fuldaernachrichten.de\/index.php?rest_route=\/wp\/v2\/posts"}],"about":[{"href":"https:\/\/www.fuldaernachrichten.de\/index.php?rest_route=\/wp\/v2\/types\/post"}],"author":[{"embeddable":true,"href":"https:\/\/www.fuldaernachrichten.de\/index.php?rest_route=\/wp\/v2\/users\/1"}],"replies":[{"embeddable":true,"href":"https:\/\/www.fuldaernachrichten.de\/index.php?rest_route=%2Fwp%2Fv2%2Fcomments&post=147165"}],"version-history":[{"count":1,"href":"https:\/\/www.fuldaernachrichten.de\/index.php?rest_route=\/wp\/v2\/posts\/147165\/revisions"}],"predecessor-version":[{"id":147167,"href":"https:\/\/www.fuldaernachrichten.de\/index.php?rest_route=\/wp\/v2\/posts\/147165\/revisions\/147167"}],"wp:featuredmedia":[{"embeddable":true,"href":"https:\/\/www.fuldaernachrichten.de\/index.php?rest_route=\/wp\/v2\/media\/147166"}],"wp:attachment":[{"href":"https:\/\/www.fuldaernachrichten.de\/index.php?rest_route=%2Fwp%2Fv2%2Fmedia&parent=147165"}],"wp:term":[{"taxonomy":"category","embeddable":true,"href":"https:\/\/www.fuldaernachrichten.de\/index.php?rest_route=%2Fwp%2Fv2%2Fcategories&post=147165"},{"taxonomy":"post_tag","embeddable":true,"href":"https:\/\/www.fuldaernachrichten.de\/index.php?rest_route=%2Fwp%2Fv2%2Ftags&post=147165"}],"curies":[{"name":"wp","href":"https:\/\/api.w.org\/{rel}","templated":true}]}}