{"id":147151,"date":"2016-01-15T10:50:24","date_gmt":"2016-01-15T09:50:24","guid":{"rendered":"http:\/\/www.fuldaer-nachrichten.de\/?p=147151"},"modified":"2016-01-15T10:50:24","modified_gmt":"2016-01-15T09:50:24","slug":"ehrung-hildegard-lubnow-fuer-aussergewoehnliches-engagement-in-der-kirche","status":"publish","type":"post","link":"https:\/\/www.fuldaernachrichten.de\/?p=147151","title":{"rendered":"Ehrung Hildegard Lubnow f\u00fcr au\u00dfergew\u00f6hnliches Engagement in der Kirche"},"content":{"rendered":"<p>Im Rahmen des Neujahrsempfangs der Pfarrgemeinde St. Antonius K\u00fcnzell f\u00fcr alle haupt- und ehrenamtlichen Mitarbeiterinnen und Mitarbeiter der Pfarrgemeinde wurde Hildegard Lubnow die zweith\u00f6chste Ehrung des Bistums zu Teil.<\/p>\n<p>Pfarrer Rudolf Liebig \u00fcberreichte die Ehrenurkunde und die Elisabeth-Medaille des Bistums Fulda\u00c2\u00a0 an Frau Lubnow. In der Ehrenurkunde dankte Bischof Algermissen Frau Lubnow f\u00fcr ihre vielf\u00e4ltigen und treuen Dienste in der Kirche, ihre 10 j\u00e4hrige T\u00e4tigkeit als K\u00fcsterin, f\u00fcr die Mithilfe als Kommunionhelferin und Lektorin, die \u00dcbernahme von Besuchsdiensten in Altenheimen und Krankenh\u00e4usern sowie die S\u00e4uberung der Kirchenst\u00e4tten der katholischen Kirchengemeinde St. Antonius K\u00fcnzell.<\/p>\n<p>Nach der \u00dcbergabe eines Blumengru\u00dfes des Pfarrgemeinderates \u00fcberbrachte Obermessdienerin Laura Pappert einf\u00fchlsame Dankesworte und betonte, dass Frau Lubnow immer ein offenes Ohr f\u00fcr die Kinder und Jugendlichen hat, nicht nur in der Gruppenstunde im zweiten Schuljahr, im Erstkommunionunterricht und der Messdienerarbeit oder ihrer 23-j\u00e4hrigen Begleitung des Zeltlagers.<\/p>\n<p>Zu guter Letzt \u00fcberreichte Pfarrer Liebig eine handgeschnitzte Hl. Hildegard an Frau Lubnow und dankte auch in besonderer Weise ihrem Ehemann Klaus Lubnow f\u00fcr die Unterst\u00fctzung seiner Frau bei den vielf\u00e4ltigen kirchlichen T\u00e4tigkeiten.<\/p>\n<p>Begleitet von einem langen Beifall der anwesenden G\u00e4ste w\u00fcnschte Pfarrer Liebig Frau Lubnow noch ein langes und erfolgreiches Wirken in der Pfarrgemeinde.<\/p>\n","protected":false},"excerpt":{"rendered":"<div class=\"tmnf_excerpt\"><p>Im Rahmen des Neujahrsempfangs der Pfarrgemeinde St. Antonius K\u00fcnzell f\u00fcr alle haupt- und ehrenamtlichen Mitarbeiterinnen und Mitarbeiter der Pfarrgemeinde wurde Hildegard Lubnow die zweith\u00f6chste Ehrung des Bistums zu Teil. Pfarrer Rudolf Liebig \u00fcberreichte die Ehrenurkunde und die Elisabeth-Medaille des Bistums Fulda\u00c2\u00a0 an Frau Lubnow. In der Ehrenurkunde dankte Bischof Algermissen Frau Lubnow f\u00fcr ihre vielf\u00e4ltigen &hellip;<\/p>\n<\/div>","protected":false},"author":1,"featured_media":147157,"comment_status":"closed","ping_status":"closed","sticky":false,"template":"","format":"standard","meta":{"footnotes":""},"categories":[1],"tags":[],"class_list":["post-147151","post","type-post","status-publish","format-standard","has-post-thumbnail","hentry","category-startseite"],"_links":{"self":[{"href":"https:\/\/www.fuldaernachrichten.de\/index.php?rest_route=\/wp\/v2\/posts\/147151","targetHints":{"allow":["GET"]}}],"collection":[{"href":"https:\/\/www.fuldaernachrichten.de\/index.php?rest_route=\/wp\/v2\/posts"}],"about":[{"href":"https:\/\/www.fuldaernachrichten.de\/index.php?rest_route=\/wp\/v2\/types\/post"}],"author":[{"embeddable":true,"href":"https:\/\/www.fuldaernachrichten.de\/index.php?rest_route=\/wp\/v2\/users\/1"}],"replies":[{"embeddable":true,"href":"https:\/\/www.fuldaernachrichten.de\/index.php?rest_route=%2Fwp%2Fv2%2Fcomments&post=147151"}],"version-history":[{"count":1,"href":"https:\/\/www.fuldaernachrichten.de\/index.php?rest_route=\/wp\/v2\/posts\/147151\/revisions"}],"predecessor-version":[{"id":147158,"href":"https:\/\/www.fuldaernachrichten.de\/index.php?rest_route=\/wp\/v2\/posts\/147151\/revisions\/147158"}],"wp:featuredmedia":[{"embeddable":true,"href":"https:\/\/www.fuldaernachrichten.de\/index.php?rest_route=\/wp\/v2\/media\/147157"}],"wp:attachment":[{"href":"https:\/\/www.fuldaernachrichten.de\/index.php?rest_route=%2Fwp%2Fv2%2Fmedia&parent=147151"}],"wp:term":[{"taxonomy":"category","embeddable":true,"href":"https:\/\/www.fuldaernachrichten.de\/index.php?rest_route=%2Fwp%2Fv2%2Fcategories&post=147151"},{"taxonomy":"post_tag","embeddable":true,"href":"https:\/\/www.fuldaernachrichten.de\/index.php?rest_route=%2Fwp%2Fv2%2Ftags&post=147151"}],"curies":[{"name":"wp","href":"https:\/\/api.w.org\/{rel}","templated":true}]}}