{"id":147149,"date":"2016-01-15T10:48:11","date_gmt":"2016-01-15T09:48:11","guid":{"rendered":"http:\/\/www.fuldaer-nachrichten.de\/?p=147149"},"modified":"2016-01-15T10:48:11","modified_gmt":"2016-01-15T09:48:11","slug":"neue-hochleistungspumpe-beim-abwasserverband-fulda","status":"publish","type":"post","link":"https:\/\/www.fuldaernachrichten.de\/?p=147149","title":{"rendered":"Neue Hochleistungspumpe beim Abwasserverband Fulda"},"content":{"rendered":"<p>Der Abwasserverband Fulda hat eine neue mobile, sehr leistungsf\u00e4hige Abwasserpumpe in Betrieb genommen.<\/p>\n<p>Mit einer F\u00f6rderleistung von rd. 100 l\/s und einer maximalen F\u00f6rderh\u00f6he von 30 m ist das 45.000 \u00e2\u201a\u00ac teure Aggregat deutlich leistungsf\u00e4higer als das 21 Jahre alte Vorg\u00e4ngermodell. \u00e2\u20ac\u00a8\u201eDar\u00fcber hinaus ist die neue Pumpe aufgrund ihres geringen Gewichtes und der kompakten Bauweise in der Anwendung gut handhabbar und sehr flexibel\u201c, berichtet Joachim G\u00f6tz, Leiter der Kanalunterhaltungskolonne des Abwasserverbandes.<\/p>\n<p>Das neue Ger\u00e4t soll \u00fcberwiegend beim \u00dcberpumpen von Abwasser bei Kanalerneuerungsma\u00dfnahmen eingesetzt werden, um die Baugrube trocken zu halten. Aber auch f\u00fcr die Entleerung von Abwasserbecken oder von gefluteten Geb\u00e4uden, z. B. im Fall von Starkregenereignissen, wird die Pumpe gute Dienste leisten.<\/p>\n","protected":false},"excerpt":{"rendered":"<div class=\"tmnf_excerpt\"><p>Der Abwasserverband Fulda hat eine neue mobile, sehr leistungsf\u00e4hige Abwasserpumpe in Betrieb genommen. Mit einer F\u00f6rderleistung von rd. 100 l\/s und einer maximalen F\u00f6rderh\u00f6he von 30 m ist das 45.000 \u00e2\u201a\u00ac teure Aggregat deutlich leistungsf\u00e4higer als das 21 Jahre alte Vorg\u00e4ngermodell. \u00e2\u20ac\u00a8\u201eDar\u00fcber hinaus ist die neue Pumpe aufgrund ihres geringen Gewichtes und der kompakten Bauweise &hellip;<\/p>\n<\/div>","protected":false},"author":1,"featured_media":0,"comment_status":"closed","ping_status":"closed","sticky":false,"template":"","format":"standard","meta":{"footnotes":""},"categories":[1],"tags":[],"class_list":["post-147149","post","type-post","status-publish","format-standard","hentry","category-startseite"],"_links":{"self":[{"href":"https:\/\/www.fuldaernachrichten.de\/index.php?rest_route=\/wp\/v2\/posts\/147149","targetHints":{"allow":["GET"]}}],"collection":[{"href":"https:\/\/www.fuldaernachrichten.de\/index.php?rest_route=\/wp\/v2\/posts"}],"about":[{"href":"https:\/\/www.fuldaernachrichten.de\/index.php?rest_route=\/wp\/v2\/types\/post"}],"author":[{"embeddable":true,"href":"https:\/\/www.fuldaernachrichten.de\/index.php?rest_route=\/wp\/v2\/users\/1"}],"replies":[{"embeddable":true,"href":"https:\/\/www.fuldaernachrichten.de\/index.php?rest_route=%2Fwp%2Fv2%2Fcomments&post=147149"}],"version-history":[{"count":1,"href":"https:\/\/www.fuldaernachrichten.de\/index.php?rest_route=\/wp\/v2\/posts\/147149\/revisions"}],"predecessor-version":[{"id":147150,"href":"https:\/\/www.fuldaernachrichten.de\/index.php?rest_route=\/wp\/v2\/posts\/147149\/revisions\/147150"}],"wp:attachment":[{"href":"https:\/\/www.fuldaernachrichten.de\/index.php?rest_route=%2Fwp%2Fv2%2Fmedia&parent=147149"}],"wp:term":[{"taxonomy":"category","embeddable":true,"href":"https:\/\/www.fuldaernachrichten.de\/index.php?rest_route=%2Fwp%2Fv2%2Fcategories&post=147149"},{"taxonomy":"post_tag","embeddable":true,"href":"https:\/\/www.fuldaernachrichten.de\/index.php?rest_route=%2Fwp%2Fv2%2Ftags&post=147149"}],"curies":[{"name":"wp","href":"https:\/\/api.w.org\/{rel}","templated":true}]}}