{"id":147142,"date":"2016-01-15T10:46:43","date_gmt":"2016-01-15T09:46:43","guid":{"rendered":"http:\/\/www.fuldaer-nachrichten.de\/?p=147142"},"modified":"2016-01-15T10:46:43","modified_gmt":"2016-01-15T09:46:43","slug":"grosse-faschingsparty-mit-kinderdisco-huepfburg-und-vieles-mehr","status":"publish","type":"post","link":"https:\/\/www.fuldaernachrichten.de\/?p=147142","title":{"rendered":"Gro\u00dfe Faschingsparty mit Kinderdisco, H\u00fcpfburg und vieles mehr"},"content":{"rendered":"<p>Am Sonntag, den 17.01.2016 steigt im B\u00fcrgerzentrum Rothemann die 2. Kinder-Faschingsparty. Diesmal mit dabei: \u201eFrank und seine Freunde\u201c, der FZ-Schlaufuchs sowie Spiel- und Spa\u00dfangebote von \u201eDas kunterbunte Kinderzelt\u201c. Letzte Tickets gibt es noch im Vorverkauf &#8211; Restkarten dann an der Tageskasse.<br \/>\nSeit 2009 tourt der sympathische Osnabr\u00fccker Kindermusiker Frank Acker erfolgreich durch Deutschland. Mit eigenen Songs und eing\u00e4ngigen Melodien begeistert Frank auf der B\u00fchne. Seine Live-Auftritte sind ein ganz besonderes Mitmach-Erlebnis \u2013 sie animieren zum Mitsingen und Tanzen und sorgen f\u00fcr Partystimmung bei der ganzen Familie.<\/p>\n<p>Mit Musik, Spiel und Tanz wird bei der Kinder-Faschingsparty viel Abwechslung geboten.. Dar\u00fcber hinaus gibt es Spa\u00df mit Ballon-Modelling und einer H\u00fcpfburg im Saal.<\/p>\n<p>Mit Softdrinks \u2013 zum Beispiel alkoholfreien Cocktails von \u201eSaftwerk\u201c- leckeren Snacks sowie einem gro\u00dfen Kaffee- und Kuchenb\u00fcfett ist f\u00fcr das leibliche Wohl der kleinen und gro\u00dfen G\u00e4ste bestens gesorgt.<\/p>\n<p>Einen Teilerl\u00f6s aus der Veranstaltung spendet die Vereinsgemeinschaft Rothemann an das internationale Kinder-Hilfswerk \u201eDas kunterbunte Kinderzelt e.V.\u201c.<\/p>\n<p>Vorverkauf:<br \/>\nReith&#8217;s Nahkauf, Hammelburger Str. 18, Rothemann<br \/>\nModegesch\u00e4ft Blickpunkt\u00e2\u20ac\u0161 Fuldaer Str. 4, Eichenzell<br \/>\nBFT Tankstelle Seng, Kerzeller Str. 31, Hattenhof<\/p>\n<p>Limitiertes Kartenkontingent. Restkarten an der Tageskasse<\/p>\n<p>Termin: Sonntag 17.01.2016 &#8211; Einlass 13:30 Uhr &#8211; Beginn 14:00 Uhr.<br \/>\nOrt: B\u00fcrgerzentrum Rothemann<br \/>\nevent.rothemann.de<\/p>\n","protected":false},"excerpt":{"rendered":"<div class=\"tmnf_excerpt\"><p>Am Sonntag, den 17.01.2016 steigt im B\u00fcrgerzentrum Rothemann die 2. Kinder-Faschingsparty. Diesmal mit dabei: \u201eFrank und seine Freunde\u201c, der FZ-Schlaufuchs sowie Spiel- und Spa\u00dfangebote von \u201eDas kunterbunte Kinderzelt\u201c. Letzte Tickets gibt es noch im Vorverkauf &#8211; Restkarten dann an der Tageskasse. Seit 2009 tourt der sympathische Osnabr\u00fccker Kindermusiker Frank Acker erfolgreich durch Deutschland. Mit eigenen &hellip;<\/p>\n<\/div>","protected":false},"author":1,"featured_media":0,"comment_status":"closed","ping_status":"closed","sticky":false,"template":"","format":"standard","meta":{"footnotes":""},"categories":[72],"tags":[],"class_list":["post-147142","post","type-post","status-publish","format-standard","hentry","category-jugend"],"_links":{"self":[{"href":"https:\/\/www.fuldaernachrichten.de\/index.php?rest_route=\/wp\/v2\/posts\/147142","targetHints":{"allow":["GET"]}}],"collection":[{"href":"https:\/\/www.fuldaernachrichten.de\/index.php?rest_route=\/wp\/v2\/posts"}],"about":[{"href":"https:\/\/www.fuldaernachrichten.de\/index.php?rest_route=\/wp\/v2\/types\/post"}],"author":[{"embeddable":true,"href":"https:\/\/www.fuldaernachrichten.de\/index.php?rest_route=\/wp\/v2\/users\/1"}],"replies":[{"embeddable":true,"href":"https:\/\/www.fuldaernachrichten.de\/index.php?rest_route=%2Fwp%2Fv2%2Fcomments&post=147142"}],"version-history":[{"count":1,"href":"https:\/\/www.fuldaernachrichten.de\/index.php?rest_route=\/wp\/v2\/posts\/147142\/revisions"}],"predecessor-version":[{"id":147148,"href":"https:\/\/www.fuldaernachrichten.de\/index.php?rest_route=\/wp\/v2\/posts\/147142\/revisions\/147148"}],"wp:attachment":[{"href":"https:\/\/www.fuldaernachrichten.de\/index.php?rest_route=%2Fwp%2Fv2%2Fmedia&parent=147142"}],"wp:term":[{"taxonomy":"category","embeddable":true,"href":"https:\/\/www.fuldaernachrichten.de\/index.php?rest_route=%2Fwp%2Fv2%2Fcategories&post=147142"},{"taxonomy":"post_tag","embeddable":true,"href":"https:\/\/www.fuldaernachrichten.de\/index.php?rest_route=%2Fwp%2Fv2%2Ftags&post=147142"}],"curies":[{"name":"wp","href":"https:\/\/api.w.org\/{rel}","templated":true}]}}