{"id":147130,"date":"2016-01-14T21:03:24","date_gmt":"2016-01-14T20:03:24","guid":{"rendered":"http:\/\/www.fuldaer-nachrichten.de\/?p=147130"},"modified":"2016-01-14T21:03:24","modified_gmt":"2016-01-14T20:03:24","slug":"volkshochschule-setzt-reihe-zur-politischen-bildung-auch-im-fruehjahrssemester-fort","status":"publish","type":"post","link":"https:\/\/www.fuldaernachrichten.de\/?p=147130","title":{"rendered":"Volkshochschule setzt Reihe zur politischen Bildung auch im Fr\u00fchjahrssemester fort"},"content":{"rendered":"<p>Die Volkshochschule des Vogelsbergkreises setzt nach den guten Erfahrungen im Herbstsemester die Reihe zur politischen Bildung mit weiteren zehn Angeboten fort. Darauf macht Bildungsdezernent Peter Zielinski (B\u00fcndnis 90\/Die Gr\u00fcnen) in einer Pressemitteilung aufmerksam. Im Herbstsemester 2015 arbeitete die vhs erstmals mit politischen Stiftungen zusammen. F\u00fcnf Stiftungen wurden angefragt, zwei hatten ihre Unterst\u00fctzung bei der Gewinnung von Referenten zugesagt und umgesetzt (wir berichteten). Das ist auch jetzt im Fr\u00fchjahr\/Sommer 2016 so. Erster Kreisbeigeordneter Zielinski betont erneut die Notwendigkeit, sich umfassend zu informieren, um in der Medienlandschaft die \u00dcbersicht zu behalten. Dabei setzt er auf eine gewollte Diskussionskultur: \u201eDen eigenen Standpunkt findet man am besten im Diskurs.\u201c<\/p>\n<p>Zwei der neuen Angebote im Fr\u00fchjahr und Sommer finden in Kooperation mit der Friedrich-Ebert-Stiftung Hessen und zwei mit der Rosa-Luxemburg-Stiftung statt. Das Vogelsberger B\u00fcndnis f\u00fcr Familie unterst\u00fctzt die Veranstaltung zum Thema \u201eDemografischer Wandel\u201c.<\/p>\n<p>Die Tagesseminare \u201eHilfe ich bin gew\u00e4hlt! \u2013 Fit f\u00fcr die Kommunalpolitik\u201c\u00c2\u00a0 und \u201ePolitik! \u2013 Wie funktioniert das eigentlich?\u201c bieten bereits politisch aktiven B\u00fcrgerinnen und B\u00fcrgern oder denen, die es werden wollen,\u00c2\u00a0 Informationen und konkrete Unterst\u00fctzung in ihrem politischen Engagement.<\/p>\n<p>Das auch 2016 bestimmende Thema zu \u201eFlucht und Asyl: Globale Hintergr\u00fcnde \u2013 lokale Herausforderungen\u201c, wird in einem Tagesseminar mit Experten behandelt werden.<\/p>\n<p>Im Vortrag\u00c2\u00a0 \u201eGlobalisierung und Klimawandel\u201c referiert Juliane Schumacher, freie Journalistin aus Berlin, \u00fcber den Zusammenhang von Globalisierung und Klimawandel, und der Wirtschaftswissenschaftler Prof. Dr. Karl Zinn stellt in seinem Vortrag\u00c2\u00a0 \u201eStehen wir vor einem \u00dcbergang des Industriekapitalismus zum Neofeudalismus?\u201c seine Thesen zur Diskussion, die er in seinem Buch \u201eVom Kapitalismus ohne Wachstum zur Marktwirtschaft ohne Kapitalismus\u201c ausgearbeitet hat.<\/p>\n<p>Auch im Fr\u00fchjahrssemester bietet die vhs wieder zwei Webinarreihen an. Webinare zeichnen sich dadurch aus, dass die Referenten ihren Vortrag nicht vor Ort halten, sondern zeitgleich viele Menschen an vielen Veranstaltungsorten in Deutschland virtuell \u00fcber Videotechnik in den Vortragsr\u00e4umen der Volkshochschulen zuh\u00f6ren k\u00f6nnen. Im Anschluss an den jeweiligen Vortrag erhalten die Zuh\u00f6rer die M\u00f6glichkeit Fragen an die Referenten zu stellen und miteinander zu diskutieren.<\/p>\n<p>In der Webinarreihe \u201ePolitik \u2013 Deutschland und die Globalisierung&#8221; wird das Thema Globalisierung behandelt, das uns inzwischen in vielen Lebensbereichen begegnet. Wir sp\u00fcren die positiven wie negativen Auswirkungen internationaler \u00d6konomie und Politik sowie weltweiter Kommunikation. Welche Rolle aber wird Deutschland zuk\u00fcnftig bei einer Politikgestaltung zur Krisenbew\u00e4ltigung und zum Schutz der globalen Gemeing\u00fcter in einer multipolaren Weltgesellschaft einnehmen?<\/p>\n<p>Die Webinarreihe \u201eDer Mensch und die Gesellschaft \u2013 Demografischer Wandel&#8221; behandelt die Themen Alter und das Altern als wichtige Themen in Gesellschaft und Politik. Entgegen h\u00e4ufiger Katastrophenszenarien einer \u00fcberalterten Gesellschaft kann inzwischen ein langsamer Mentalit\u00e4tswandel konstatiert werden. Es sollen deshalb die gesellschaftlichen und sozial\u00f6konomischen Bedingungen und Konsequenzen des Alterns in unserer Gesellschaft ein wenig genauer betrachtet werden. Diese Webinarreihe wird\u00c2\u00a0 vom B\u00fcndnis f\u00fcr Familie unterst\u00fctzt. Beide Reihen setzen sich aus je vier Vortr\u00e4gen zusammen.<\/p>\n<p>N\u00e4here Informationen zu den einzelnen Veranstaltungen gibt es auf der Website der Vogelsberger Volkshochschule www.vhs-vogelsberg.de oder im neuen Programmheft der vhs, das seit dem 11. Januar zum Mitnehmen in den bekannten Verteilungsorten des Vogelsbergkreises ausliegt. Semesterstart ist der 1. Februar 2016.<\/p>\n","protected":false},"excerpt":{"rendered":"<div class=\"tmnf_excerpt\"><p>Die Volkshochschule des Vogelsbergkreises setzt nach den guten Erfahrungen im Herbstsemester die Reihe zur politischen Bildung mit weiteren zehn Angeboten fort. Darauf macht Bildungsdezernent Peter Zielinski (B\u00fcndnis 90\/Die Gr\u00fcnen) in einer Pressemitteilung aufmerksam. Im Herbstsemester 2015 arbeitete die vhs erstmals mit politischen Stiftungen zusammen. F\u00fcnf Stiftungen wurden angefragt, zwei hatten ihre Unterst\u00fctzung bei der Gewinnung &hellip;<\/p>\n<\/div>","protected":false},"author":1,"featured_media":0,"comment_status":"closed","ping_status":"closed","sticky":false,"template":"","format":"standard","meta":{"footnotes":""},"categories":[1],"tags":[],"class_list":["post-147130","post","type-post","status-publish","format-standard","hentry","category-startseite"],"_links":{"self":[{"href":"https:\/\/www.fuldaernachrichten.de\/index.php?rest_route=\/wp\/v2\/posts\/147130","targetHints":{"allow":["GET"]}}],"collection":[{"href":"https:\/\/www.fuldaernachrichten.de\/index.php?rest_route=\/wp\/v2\/posts"}],"about":[{"href":"https:\/\/www.fuldaernachrichten.de\/index.php?rest_route=\/wp\/v2\/types\/post"}],"author":[{"embeddable":true,"href":"https:\/\/www.fuldaernachrichten.de\/index.php?rest_route=\/wp\/v2\/users\/1"}],"replies":[{"embeddable":true,"href":"https:\/\/www.fuldaernachrichten.de\/index.php?rest_route=%2Fwp%2Fv2%2Fcomments&post=147130"}],"version-history":[{"count":1,"href":"https:\/\/www.fuldaernachrichten.de\/index.php?rest_route=\/wp\/v2\/posts\/147130\/revisions"}],"predecessor-version":[{"id":147131,"href":"https:\/\/www.fuldaernachrichten.de\/index.php?rest_route=\/wp\/v2\/posts\/147130\/revisions\/147131"}],"wp:attachment":[{"href":"https:\/\/www.fuldaernachrichten.de\/index.php?rest_route=%2Fwp%2Fv2%2Fmedia&parent=147130"}],"wp:term":[{"taxonomy":"category","embeddable":true,"href":"https:\/\/www.fuldaernachrichten.de\/index.php?rest_route=%2Fwp%2Fv2%2Fcategories&post=147130"},{"taxonomy":"post_tag","embeddable":true,"href":"https:\/\/www.fuldaernachrichten.de\/index.php?rest_route=%2Fwp%2Fv2%2Ftags&post=147130"}],"curies":[{"name":"wp","href":"https:\/\/api.w.org\/{rel}","templated":true}]}}