{"id":147122,"date":"2016-01-14T21:02:45","date_gmt":"2016-01-14T20:02:45","guid":{"rendered":"http:\/\/www.fuldaer-nachrichten.de\/?p=147122"},"modified":"2016-01-14T21:02:45","modified_gmt":"2016-01-14T20:02:45","slug":"fahrrad-erlebnisreisen-mit-wandern-am-16-und-17-januar-wanderbares-deutschland-in-stuttgart","status":"publish","type":"post","link":"https:\/\/www.fuldaernachrichten.de\/?p=147122","title":{"rendered":"Fahrrad- &#038; ErlebnisReisen mit Wandern am 16. und 17. Januar  Wanderbares Deutschland in Stuttgart"},"content":{"rendered":"<p>Ein zentrales Thema w\u00e4hrend der Outdoor-Messe Fahrrad- &amp; ErlebnisReisen mit Wandern am 16. und 17. Januar im Rahmen der CMT 2016 ist die Qualit\u00e4tsinitiative Wanderbares Deutschland. Nach der Urkunden\u00fcbergabe f\u00fcr die frisch zertifizierten Wege wird es bundesweit 144 Qualit\u00e4tswege Wanderbares Deutschland mit einer Gesamtl\u00e4nge von rund 13.400 Kilometern geben.<\/p>\n<p>Am 16. Januar wird der Pr\u00e4sident des Deutschen Wanderverbandes (DWV), Dr. Hans-Ulrich Rauchfu\u00df, um 10:30 Uhr in Halle 9 der Stuttgarter Messe die Urkunden f\u00fcr eine frisch zertifizierte Qualit\u00e4tsregion Wanderbares Deutschland sowie fast 30 Qualit\u00e4tswege Wanderbares Deutschland (s. Anlage) an die Vertreter der Region und Wege \u00fcberreichen. Rauchfu\u00df: \u201eDer Deutsche Wanderverband hat in den vergangenen Monaten bundesweit sowohl kurze thematische Wege als auch lange Wege sowie eine ganze Region zertifiziert. Das spiegelt die breite Palette unserer Qualit\u00e4tsinitiative, da ist f\u00fcr jeden etwas dabei.\u201c<\/p>\n<p>Flaggschiff der DWV-Qualit\u00e4tsinitiativen sind die Qualit\u00e4tsregionen Wanderbares Deutschland. Hier stimmt einfach alles. Neben miteinander vernetzten Wanderwegen, die sowohl f\u00fcr Familien mit kleinen Kindern als auch f\u00fcr ambitionierte Sportler spannend und perfekt markiert sein m\u00fcssen, spielen Unterk\u00fcnfte, die Anbindung durch Bus und Bahn sowie Informationsangebote eine entscheidende Rolle bei der Frage, ob eine Region zertifiziert wird oder nicht. Rauchfu\u00df: \u201eWir pr\u00fcfen alle Aspekte, die f\u00fcr Wanderer wichtig sind. Erst wenn die Qualit\u00e4t in jeder Hinsicht stimmt, kann eine Region in die K\u00f6nigsklasse unter den Wanderdestinationen aufsteigen.\u201c<\/p>\n<p>In Stuttgart bekommt das ZweiT\u00e4lerLand im Schwarzwald die begehrte Urkunde. Die Region bietet allein neun Wege, die w\u00e4hrend der Messe als Qualit\u00e4tsweg Wanderbares Deutschland zertifiziert werden. Sie ist die erste Region, die in Baden-W\u00fcrttemberg als Qualit\u00e4tsregion Wanderbares Deutschland ausgezeichnet wird.<\/p>\n<p>Insgesamt zeichnet der Wanderverband am 16. Januar 29 Wege als Qualit\u00e4tswege Wanderbares Deutschland aus. Darunter sind 13 kurze Qualit\u00e4tswege. Sie d\u00fcrfen h\u00f6chstens 20 Kilometer lang und m\u00fcssen einem Thema gewidmet sein. Erstmals wird in Stuttgart ein besonders familienfreundlicher Wanderweg als \u201efamilienspa\u00df\u201c-Qualit\u00e4tsweg Wanderbares Deutschland ausgezeichnet, das \u201eWildkatzen Walderlebnis\u201c bei Bad Herrenalb im Schwarzwald. Eine gemeinsame Initiative der AOK &#8211; Die Gesundheitskasse und des Deutschen Wanderverbandes hat sich zum Ziel gesetzt, das Wandern in der Familie zu f\u00f6rdern und unterst\u00fctzt insbesondere die Zertifizierung von familienspa\u00df-Wegen in Deutschland.<\/p>\n<p>Nach der Urkunden\u00fcbergabe gibt es bundesweit 144 Qualit\u00e4tswege Wanderbares Deutschland mit einer Gesamtl\u00e4nge von rund 13.400 Kilometern. Qualit\u00e4tswege Wanderbares Deutschland m\u00fcssen einer Reihe von Qualit\u00e4tskriterien entsprechen. So m\u00fcssen sie zum Beispiel sehr abwechslungsreich sein und eine perfekte Markierung besitzen.<\/p>\n<p>Allgemein legen Wanderer bei der Wahl ihrer Ausflugs- und Urlaubsziele zunehmend Wert auf Qualit\u00e4t. Das hat eine Studie von ProjectM nachgewiesen. Dort wurde auch deutlich, dass das Wandern der beliebteste Freizeitsport der Deutschen ist, mehr als zwei Drittel der Deutschen wandern regelm\u00e4\u00dfig. Dabei sind sie auf entsprechende Informationen angewiesen. Auch hier ist der Deutsche Wanderverband aktiv geworden. Das vom Deutschen Wanderverband herausgegebenen Magazin Ferienwandern informiert \u00fcber Wanderregionen und -wege, gef\u00fchrte Wanderungen sowie wanderfreundliche Unterk\u00fcnfte \u2013 kurz, nahezu alle Themen rund um das Wandern. Die druckfrische Ausgabe gibt es w\u00e4hrend der Messe kostenlos am Stand vom Deutschen Wanderverband und der Schw\u00e4bischen Albvereinsjugend (9B57).<\/p>\n<p>\u00dcberhaupt finden Messebesucher w\u00e4hrend der Messe am 16. und 17. Januar alles rund um Wanderdestinationen, Outdoor-Ausr\u00fcstung, Wege und Wanderreisen. Die Messe Stuttgart rechnet mit rund 33.000 Besuchern und rund 270 Ausstellern aus zw\u00f6lf L\u00e4ndern in Halle 9 der Stuttgarter Messe.<\/p>\n<p>Weitere Infos: www.wanderverband.de; www.wanderbares-deutschland.de; www.messe-stuttgart.de\/fahrrad\/<\/p>\n","protected":false},"excerpt":{"rendered":"<div class=\"tmnf_excerpt\"><p>Ein zentrales Thema w\u00e4hrend der Outdoor-Messe Fahrrad- &amp; ErlebnisReisen mit Wandern am 16. und 17. Januar im Rahmen der CMT 2016 ist die Qualit\u00e4tsinitiative Wanderbares Deutschland. Nach der Urkunden\u00fcbergabe f\u00fcr die frisch zertifizierten Wege wird es bundesweit 144 Qualit\u00e4tswege Wanderbares Deutschland mit einer Gesamtl\u00e4nge von rund 13.400 Kilometern geben. Am 16. Januar wird der Pr\u00e4sident &hellip;<\/p>\n<\/div>","protected":false},"author":1,"featured_media":0,"comment_status":"closed","ping_status":"closed","sticky":false,"template":"","format":"standard","meta":{"footnotes":""},"categories":[1],"tags":[],"class_list":["post-147122","post","type-post","status-publish","format-standard","hentry","category-startseite"],"_links":{"self":[{"href":"https:\/\/www.fuldaernachrichten.de\/index.php?rest_route=\/wp\/v2\/posts\/147122","targetHints":{"allow":["GET"]}}],"collection":[{"href":"https:\/\/www.fuldaernachrichten.de\/index.php?rest_route=\/wp\/v2\/posts"}],"about":[{"href":"https:\/\/www.fuldaernachrichten.de\/index.php?rest_route=\/wp\/v2\/types\/post"}],"author":[{"embeddable":true,"href":"https:\/\/www.fuldaernachrichten.de\/index.php?rest_route=\/wp\/v2\/users\/1"}],"replies":[{"embeddable":true,"href":"https:\/\/www.fuldaernachrichten.de\/index.php?rest_route=%2Fwp%2Fv2%2Fcomments&post=147122"}],"version-history":[{"count":1,"href":"https:\/\/www.fuldaernachrichten.de\/index.php?rest_route=\/wp\/v2\/posts\/147122\/revisions"}],"predecessor-version":[{"id":147129,"href":"https:\/\/www.fuldaernachrichten.de\/index.php?rest_route=\/wp\/v2\/posts\/147122\/revisions\/147129"}],"wp:attachment":[{"href":"https:\/\/www.fuldaernachrichten.de\/index.php?rest_route=%2Fwp%2Fv2%2Fmedia&parent=147122"}],"wp:term":[{"taxonomy":"category","embeddable":true,"href":"https:\/\/www.fuldaernachrichten.de\/index.php?rest_route=%2Fwp%2Fv2%2Fcategories&post=147122"},{"taxonomy":"post_tag","embeddable":true,"href":"https:\/\/www.fuldaernachrichten.de\/index.php?rest_route=%2Fwp%2Fv2%2Ftags&post=147122"}],"curies":[{"name":"wp","href":"https:\/\/api.w.org\/{rel}","templated":true}]}}