{"id":147121,"date":"2016-01-14T21:02:33","date_gmt":"2016-01-14T20:02:33","guid":{"rendered":"http:\/\/www.fuldaer-nachrichten.de\/?p=147121"},"modified":"2016-01-14T21:02:33","modified_gmt":"2016-01-14T20:02:33","slug":"tagesveranstaltung-mit-prominentem-podium-internationale-offiziers-und-soldatengesellschaft-tagte-vorstandswahlen-und-berichte","status":"publish","type":"post","link":"https:\/\/www.fuldaernachrichten.de\/?p=147121","title":{"rendered":"Tagesveranstaltung mit prominentem Podium Internationale Offiziers- und Soldatengesellschaft tagte \u2013 Vorstandswahlen und Berichte"},"content":{"rendered":"<p>G\u00fcnter Wolf ist auch weiterhin Pr\u00e4sident der Internationalen Offiziers- und Soldatengesellschaft (IOS). Der 50-j\u00e4hrige H\u00fcnfelder Reserveoffizier wurde bei der j\u00fcngsten Mitgliederversammlung in der Stadthalle Kolpinghaus in H\u00fcnfeld einstimmig f\u00fcr weitere vier Jahre in seinem Amt best\u00e4tigt. Neben den Vorstandswahlen und der Installation des Ehrenrates stand vor allem die Tagesveranstaltung mit Vortrag und Podiumsgespr\u00e4ch im Fuldaer Bonifatiushaus Anfang Oktober im Rahmen der Fuldaer Gespr\u00e4che im Fokus des Interesses.<\/p>\n<p>\u201eEs ist ein gro\u00dfer Erfolg, dass es uns nach intensiven Gespr\u00e4chen in Berlin, Potsdam, Wiesbaden und Fulda gelungen ist, so prominente Teilnehmer f\u00fcr das Podium am 6. Oktober im Bonifatiushaus zu gewinnen\u201c, so Wolf in seinem Bericht. Neben dem Fuldaer Bischof Heinz Josef Algermissen in seiner Funktion als Pr\u00e4sident von pax christi \u2013 Sektion Deutschland konnten als Podiumsg\u00e4ste der Kommandeur des Landeskommandos Hessen, Brigadegeneral Eckart Karl Klink, der Fuldaer Umwelt- und Friedensforscher Professor Dr. Knut Krusewitz und der Leitende Wissenschaftliche Direktor am Zentrum f\u00fcr Milit\u00e4rgeschichte und Sozialwissenschaften der Bundeswehr in Potsdam, Privatdozent Dr. Dieter Kr\u00fcger, gewonnen werden. Ferner ist der Wehrbeauftragte des Deutschen Bundestages, Dr. Hans-Peter Bartels (SPD), eingeladen. Das Thema der \u00f6ffentlichen Tagung lautet: \u201eIm Spannungsfeld von Verteidigung, Konfliktbew\u00e4ltigung und Ethik: Soldat sein heute.\u201c<\/p>\n<p>Die Entwicklung der Gesellschaft seit ihrer Gr\u00fcndung im Jahre 2012 bezeichnete Wolf als \u201eaufstrebend\u201c. So konnten nicht nur Mitgliederzuw\u00e4chse verzeichnet werden, sondern auch eine zunehmende Wahrnehmung der IOS im politischen, milit\u00e4rischen, gesellschaftlichen und Vereinsleben. Einen besonderen Stellenwert werde in diesem Zusammenhang die k\u00fcnftige enge Zusammenarbeit mit der Soldatenkameradschaft 1888 Fulda einnehmen. Auch auf internationale Ebene erwartet man, dass k\u00fcnftig noch mehr Aktivit\u00e4ten verwirklicht werden k\u00f6nnen. \u201eHierf\u00fcr ist unsere Verankerung im Bundesverband der Deutsch-Amerikanischen Freundschaft (BDAF) ein hilfreicher Garant\u201c, sagte Wolf. So wolle man in diesem Zusammenhang neben vertiefenden Kontakten zu U.S.-Soldaten und deren Familien unter anderem auch den Stabschef der U.S.-Army in Europa, den deutschen Brigadegeneral Markus Laubenthal, zu einem Vortrag einladen.<\/p>\n<p>\u00dcber eine solide Finanzlage berichtete Schatzmeister Wolfgang Heyduck. Die Kassenpr\u00fcfer Norbert Biedenbach und Karl Joseph Magnus Bohl bescheinigten ihm eine einwandfreie Kassenf\u00fchrung. Die Entlastung des Vorstandes erfolgte einstimmig. Unter der Leitung von Hauptmann d.R. Volker Franz (Rotenburg a.d.F.), assistiert von Manfred Aha (H\u00fcnfeld) und J\u00fcrgen Storch (Fulda), fanden die Wahlen des Vorstandes und der Revisoren statt, deren Kandidaten jeweils einstimmig gew\u00e4hlt wurden. Neu installiert wurde ein dreik\u00f6pfiger Ehrenrat, dessen Wahl ebenfalls einstimmig erfolgte. Au\u00dferdem wurde auf Antrag des Vorstandes die Satzung in Bezug auf das Betragswesen erg\u00e4nzt.<\/p>\n<p>Vorstand<br \/>\nPr\u00e4sident: G\u00fcnter Wolf (H\u00fcnfeld)<br \/>\nVizepr\u00e4sident: Winfried J\u00e4ger (Fulda)<br \/>\nSchatzmeister: Wolfgang Heyduck (Petersberg)<br \/>\nSchriftf\u00fchrerin: Sylvia Schwarz-B\u00e4mpfer (K\u00fcnzell)<\/p>\n<p>Revisoren<br \/>\nNorbert Biedenbach (Burghaun)<br \/>\nKarl Joseph Magnus Bohl (Fulda)<\/p>\n<p>Ehrenrat<br \/>\nVolker Franz (Rotenburg a.d.F.)<br \/>\nKarl Joseph Magnus Bohl (Fulda)<br \/>\nKarin J\u00e4ger (Fulda)<\/p>\n<p>BU:<br \/>\nVorstand, Revisoren und Ehrenrat der IOS nach der Neuwahl (von links): Norbert Biedenbach, Sylvia Schwarz-B\u00e4mpfer, Karin J\u00e4ger, Winfried J\u00e4ger, G\u00fcnter Wolf, Karl Joseph Magnus Bohl, Volker Franz, Wolfgang Heyduck.<br \/>\nFoto: Manfred Aha<\/p>\n","protected":false},"excerpt":{"rendered":"<div class=\"tmnf_excerpt\"><p>G\u00fcnter Wolf ist auch weiterhin Pr\u00e4sident der Internationalen Offiziers- und Soldatengesellschaft (IOS). Der 50-j\u00e4hrige H\u00fcnfelder Reserveoffizier wurde bei der j\u00fcngsten Mitgliederversammlung in der Stadthalle Kolpinghaus in H\u00fcnfeld einstimmig f\u00fcr weitere vier Jahre in seinem Amt best\u00e4tigt. Neben den Vorstandswahlen und der Installation des Ehrenrates stand vor allem die Tagesveranstaltung mit Vortrag und Podiumsgespr\u00e4ch im Fuldaer &hellip;<\/p>\n<\/div>","protected":false},"author":1,"featured_media":147127,"comment_status":"closed","ping_status":"closed","sticky":false,"template":"","format":"standard","meta":{"footnotes":""},"categories":[1],"tags":[],"class_list":["post-147121","post","type-post","status-publish","format-standard","has-post-thumbnail","hentry","category-startseite"],"_links":{"self":[{"href":"https:\/\/www.fuldaernachrichten.de\/index.php?rest_route=\/wp\/v2\/posts\/147121","targetHints":{"allow":["GET"]}}],"collection":[{"href":"https:\/\/www.fuldaernachrichten.de\/index.php?rest_route=\/wp\/v2\/posts"}],"about":[{"href":"https:\/\/www.fuldaernachrichten.de\/index.php?rest_route=\/wp\/v2\/types\/post"}],"author":[{"embeddable":true,"href":"https:\/\/www.fuldaernachrichten.de\/index.php?rest_route=\/wp\/v2\/users\/1"}],"replies":[{"embeddable":true,"href":"https:\/\/www.fuldaernachrichten.de\/index.php?rest_route=%2Fwp%2Fv2%2Fcomments&post=147121"}],"version-history":[{"count":1,"href":"https:\/\/www.fuldaernachrichten.de\/index.php?rest_route=\/wp\/v2\/posts\/147121\/revisions"}],"predecessor-version":[{"id":147128,"href":"https:\/\/www.fuldaernachrichten.de\/index.php?rest_route=\/wp\/v2\/posts\/147121\/revisions\/147128"}],"wp:featuredmedia":[{"embeddable":true,"href":"https:\/\/www.fuldaernachrichten.de\/index.php?rest_route=\/wp\/v2\/media\/147127"}],"wp:attachment":[{"href":"https:\/\/www.fuldaernachrichten.de\/index.php?rest_route=%2Fwp%2Fv2%2Fmedia&parent=147121"}],"wp:term":[{"taxonomy":"category","embeddable":true,"href":"https:\/\/www.fuldaernachrichten.de\/index.php?rest_route=%2Fwp%2Fv2%2Fcategories&post=147121"},{"taxonomy":"post_tag","embeddable":true,"href":"https:\/\/www.fuldaernachrichten.de\/index.php?rest_route=%2Fwp%2Fv2%2Ftags&post=147121"}],"curies":[{"name":"wp","href":"https:\/\/api.w.org\/{rel}","templated":true}]}}