{"id":147120,"date":"2016-01-14T21:01:34","date_gmt":"2016-01-14T20:01:34","guid":{"rendered":"http:\/\/www.fuldaer-nachrichten.de\/?p=147120"},"modified":"2016-01-14T21:01:34","modified_gmt":"2016-01-14T20:01:34","slug":"bilderbuchkino-2","status":"publish","type":"post","link":"https:\/\/www.fuldaernachrichten.de\/?p=147120","title":{"rendered":"Bilderbuchkino"},"content":{"rendered":"<p>Am Donnerstag, den 21. Januar 2016 um 16 Uhr findet in der Gemeindeb\u00fccherei Mittelkalbach wieder ein Bilderbuchkino f\u00fcr Kinder ab 3 Jahren statt. Nach der Vorstellung gibt es f\u00fcr alle eine kleine Erfrischung. Um besser planen zu k\u00f6nnen, bittet das B\u00fcchereiteam um Anmeldungen unter Tel. 06655\/740893 (Beate Mahr).<\/p>\n","protected":false},"excerpt":{"rendered":"<div class=\"tmnf_excerpt\"><p>Am Donnerstag, den 21. Januar 2016 um 16 Uhr findet in der Gemeindeb\u00fccherei Mittelkalbach wieder ein Bilderbuchkino f\u00fcr Kinder ab 3 Jahren statt. Nach der Vorstellung gibt es f\u00fcr alle eine kleine Erfrischung. Um besser planen zu k\u00f6nnen, bittet das B\u00fcchereiteam um Anmeldungen unter Tel. 06655\/740893 (Beate Mahr).<\/p>\n<\/div>","protected":false},"author":1,"featured_media":0,"comment_status":"closed","ping_status":"closed","sticky":false,"template":"","format":"standard","meta":{"footnotes":""},"categories":[1],"tags":[],"class_list":["post-147120","post","type-post","status-publish","format-standard","hentry","category-startseite"],"_links":{"self":[{"href":"https:\/\/www.fuldaernachrichten.de\/index.php?rest_route=\/wp\/v2\/posts\/147120","targetHints":{"allow":["GET"]}}],"collection":[{"href":"https:\/\/www.fuldaernachrichten.de\/index.php?rest_route=\/wp\/v2\/posts"}],"about":[{"href":"https:\/\/www.fuldaernachrichten.de\/index.php?rest_route=\/wp\/v2\/types\/post"}],"author":[{"embeddable":true,"href":"https:\/\/www.fuldaernachrichten.de\/index.php?rest_route=\/wp\/v2\/users\/1"}],"replies":[{"embeddable":true,"href":"https:\/\/www.fuldaernachrichten.de\/index.php?rest_route=%2Fwp%2Fv2%2Fcomments&post=147120"}],"version-history":[{"count":1,"href":"https:\/\/www.fuldaernachrichten.de\/index.php?rest_route=\/wp\/v2\/posts\/147120\/revisions"}],"predecessor-version":[{"id":147125,"href":"https:\/\/www.fuldaernachrichten.de\/index.php?rest_route=\/wp\/v2\/posts\/147120\/revisions\/147125"}],"wp:attachment":[{"href":"https:\/\/www.fuldaernachrichten.de\/index.php?rest_route=%2Fwp%2Fv2%2Fmedia&parent=147120"}],"wp:term":[{"taxonomy":"category","embeddable":true,"href":"https:\/\/www.fuldaernachrichten.de\/index.php?rest_route=%2Fwp%2Fv2%2Fcategories&post=147120"},{"taxonomy":"post_tag","embeddable":true,"href":"https:\/\/www.fuldaernachrichten.de\/index.php?rest_route=%2Fwp%2Fv2%2Ftags&post=147120"}],"curies":[{"name":"wp","href":"https:\/\/api.w.org\/{rel}","templated":true}]}}