{"id":1470,"date":"2007-02-08T08:00:47","date_gmt":"2007-02-08T07:00:47","guid":{"rendered":"http:\/\/www.schoene-nachrichten.de\/?p=1470"},"modified":"2007-02-08T08:04:23","modified_gmt":"2007-02-08T07:04:23","slug":"volksbund-organisiert-workcamps-fuer-kinder-und-jugendliche","status":"publish","type":"post","link":"https:\/\/www.fuldaernachrichten.de\/?p=1470","title":{"rendered":"Volksbund organisiert Workcamps f\u00fcr Kinder und Jugendliche"},"content":{"rendered":"<p><strong>Sch\u00f6nes aus Hessen.<\/strong> Mit einem Ferienangebot der besonderen Art wendet sich der Volksbund Deutsche Kriegsgr\u00e4berf\u00fcrsorge e.V. an engagierte Jugendliche zwischen 14 und 26 Jahren. Unter dem Motto \u201eArbeit f\u00fcr den Frieden \u2013 Vers\u00f6hnung \u00fcber den Gr\u00e4bern\u201c bereisen Jugendgruppen interessante L\u00e4nder, lernen andere Kulturen kennen und arbeiten dort gemeinsam mit Jugendlichen des Gastlandes auf Gedenk- und Kriegsgr\u00e4berst\u00e4tten.<\/p>\n<p><!--more-->Neben der Arbeit stehen kulturelle Aktivit\u00e4ten und der Spa\u00df im Mittelpunkt. Der Landesverband Hessen bietet im Sommer 2007 Workcamps in Kursk\/Russland (ab 18 bis 26 Jahre), Siauliai\/Litauen (ab 16 Jahre), Strzegom\/Polen (ab 18 Jahre) und ein Kidcamp ab 14 Jahren in Comines\/Frankreich an. Eine Internationale Begegnung f\u00fcr Jugendliche im Alter von 16 \u2013 20 Jahren aus \u00fcber zehn Nationen findet erstmalig in Marburg statt.<\/p>\n<p>Die Teilnehmerbeitr\u00e4ge in H\u00f6he von 100 \u2013 380 \u00e2\u201a\u00ac beinhalten neben der Anreise mit dem Bus bzw. Flugzeug auch s\u00e4mtliche \u00dcbernachtungs- und Verpflegungskosten, Versicherungen sowie Eintrittspreise f\u00fcr die meist zweiw\u00f6chigen Camps. In der Regel wird werktags am Vormittag auf Kriegsgr\u00e4ber- bzw. Gedenkst\u00e4tten gearbeitet, aber auch geschichtliche Seminare und zahlreiche Exkursionen sind Bestandteil des Programms. Eine tolerante, weltoffene Einstellung bei der Arbeit des Volksbundes wird erwartet.<\/p>\n<p>Alle Termine und der Gesamtkatalog 2007 des Volksbundes mit mehr als 60 Workcampangebote ist ab sofort kostenlos beim Landesverband Hessen, Jugendreferent R\u00fcdiger Klinge, Sandweg 7, 60316 Frankfurt\/M., per Telefon 069\u2013944907\u201311 oder per e-Mail <a href=\"mailto:jugend-hessen@volksbund.de\">jugend-hessen@volksbund.de<\/a> zu beziehen.<\/p>\n","protected":false},"excerpt":{"rendered":"<div class=\"tmnf_excerpt\"><p>Sch\u00f6nes aus Hessen. Mit einem Ferienangebot der besonderen Art wendet sich der Volksbund Deutsche Kriegsgr\u00e4berf\u00fcrsorge e.V. an engagierte Jugendliche zwischen 14 und 26 Jahren. Unter dem Motto \u201eArbeit f\u00fcr den Frieden \u2013 Vers\u00f6hnung \u00fcber den Gr\u00e4bern\u201c bereisen Jugendgruppen interessante L\u00e4nder, lernen andere Kulturen kennen und arbeiten dort gemeinsam mit Jugendlichen des Gastlandes auf Gedenk- und &hellip;<\/p>\n<\/div>","protected":false},"author":1,"featured_media":0,"comment_status":"closed","ping_status":"closed","sticky":false,"template":"","format":"standard","meta":{"footnotes":""},"categories":[1,53,44],"tags":[],"class_list":["post-1470","post","type-post","status-publish","format-standard","hentry","category-startseite","category-bildung","category-kultur"],"_links":{"self":[{"href":"https:\/\/www.fuldaernachrichten.de\/index.php?rest_route=\/wp\/v2\/posts\/1470","targetHints":{"allow":["GET"]}}],"collection":[{"href":"https:\/\/www.fuldaernachrichten.de\/index.php?rest_route=\/wp\/v2\/posts"}],"about":[{"href":"https:\/\/www.fuldaernachrichten.de\/index.php?rest_route=\/wp\/v2\/types\/post"}],"author":[{"embeddable":true,"href":"https:\/\/www.fuldaernachrichten.de\/index.php?rest_route=\/wp\/v2\/users\/1"}],"replies":[{"embeddable":true,"href":"https:\/\/www.fuldaernachrichten.de\/index.php?rest_route=%2Fwp%2Fv2%2Fcomments&post=1470"}],"version-history":[{"count":0,"href":"https:\/\/www.fuldaernachrichten.de\/index.php?rest_route=\/wp\/v2\/posts\/1470\/revisions"}],"wp:attachment":[{"href":"https:\/\/www.fuldaernachrichten.de\/index.php?rest_route=%2Fwp%2Fv2%2Fmedia&parent=1470"}],"wp:term":[{"taxonomy":"category","embeddable":true,"href":"https:\/\/www.fuldaernachrichten.de\/index.php?rest_route=%2Fwp%2Fv2%2Fcategories&post=1470"},{"taxonomy":"post_tag","embeddable":true,"href":"https:\/\/www.fuldaernachrichten.de\/index.php?rest_route=%2Fwp%2Fv2%2Ftags&post=1470"}],"curies":[{"name":"wp","href":"https:\/\/api.w.org\/{rel}","templated":true}]}}