{"id":146973,"date":"2016-01-09T17:48:41","date_gmt":"2016-01-09T16:48:41","guid":{"rendered":"http:\/\/www.fuldaer-nachrichten.de\/?p=146973"},"modified":"2016-01-09T17:48:53","modified_gmt":"2016-01-09T16:48:53","slug":"kirchliche-traeger-bieten-kurse-zur-orientierung-und-qualifizierung-fuer-menschen-die-sich-in-sozialen-arbeitsfeldern-engagieren","status":"publish","type":"post","link":"https:\/\/www.fuldaernachrichten.de\/?p=146973","title":{"rendered":"Kirchliche Tr\u00e4ger bieten Kurse zur Orientierung und Qualifizierung f\u00fcr Menschen, die sich in sozialen Arbeitsfeldern engagieren"},"content":{"rendered":"<p>Auch 2016 bietet der Caritasverband f\u00fcr die Di\u00f6zese Fulda mit seinen Kooperationspartnern Bonifatiushaus Fulda, Katholikenrat, Di\u00f6zesanstelle SkF und Bistum Fulda wieder die \u201eBasiskurse Soziales Ehrenamt\u201c\u00c2\u00a0 an. Diese Seminare bieten Menschen eine grundlegende Vorbereitung und Einf\u00fchrung in M\u00f6glichkeiten des Engagements im Bereich der kirchlichen Sozialarbeit. Sie informieren dar\u00fcber, wie die Rahmenbedingungen des Ehrenamtes \u2013 etwa bez\u00fcglich der Qualifikation oder des Zeitaufwandes \u2013 genauer aussehen und helfen dabei die eigene Motivation und Grenzen zu reflektieren.<\/p>\n<p>Im ersten Halbjahr 2016 stehen die Termine f\u00fcr die ganzt\u00e4gigen Kurse in Fulda und Gelnhausen fest. In Fulda findet ein Basiskurs mit drei Samstagsterminen am 5., 12. und 19. M\u00e4rz statt. Veranstaltungsort ist der Sozialdienst katholischer Frauen in der Friedrichstra\u00dfe 22. In Gelnhausen erfolgt ein entsprechender Kurs an den drei Samstagen 16. April, 21. Mai und 18. Juni im Burkhardthaus, Herzbachweg 2. Weitere Kurse sind f\u00fcr Kassel und Marburg geplant. Anmeldungen und R\u00fcckfragen zu den Kursen nimmt das Referat Gemeindecaritas entgegen: Tel. 0661 \/ 2428-111, E-Mail janine.altmann@caritas-fulda.de.<\/p>\n<p>Interessierte finden zu den Kursen auch Informationen im Internet: Einfach unter www.caritas-fulda.de untere Engagement \u201eEhrenamt\u201c anklicken.<\/p>\n","protected":false},"excerpt":{"rendered":"<div class=\"tmnf_excerpt\"><p>Auch 2016 bietet der Caritasverband f\u00fcr die Di\u00f6zese Fulda mit seinen Kooperationspartnern Bonifatiushaus Fulda, Katholikenrat, Di\u00f6zesanstelle SkF und Bistum Fulda wieder die \u201eBasiskurse Soziales Ehrenamt\u201c\u00c2\u00a0 an. Diese Seminare bieten Menschen eine grundlegende Vorbereitung und Einf\u00fchrung in M\u00f6glichkeiten des Engagements im Bereich der kirchlichen Sozialarbeit. Sie informieren dar\u00fcber, wie die Rahmenbedingungen des Ehrenamtes \u2013 etwa bez\u00fcglich &hellip;<\/p>\n<\/div>","protected":false},"author":1,"featured_media":0,"comment_status":"closed","ping_status":"closed","sticky":false,"template":"","format":"standard","meta":{"footnotes":""},"categories":[1,50],"tags":[],"class_list":["post-146973","post","type-post","status-publish","format-standard","hentry","category-startseite","category-kirche"],"_links":{"self":[{"href":"https:\/\/www.fuldaernachrichten.de\/index.php?rest_route=\/wp\/v2\/posts\/146973","targetHints":{"allow":["GET"]}}],"collection":[{"href":"https:\/\/www.fuldaernachrichten.de\/index.php?rest_route=\/wp\/v2\/posts"}],"about":[{"href":"https:\/\/www.fuldaernachrichten.de\/index.php?rest_route=\/wp\/v2\/types\/post"}],"author":[{"embeddable":true,"href":"https:\/\/www.fuldaernachrichten.de\/index.php?rest_route=\/wp\/v2\/users\/1"}],"replies":[{"embeddable":true,"href":"https:\/\/www.fuldaernachrichten.de\/index.php?rest_route=%2Fwp%2Fv2%2Fcomments&post=146973"}],"version-history":[{"count":1,"href":"https:\/\/www.fuldaernachrichten.de\/index.php?rest_route=\/wp\/v2\/posts\/146973\/revisions"}],"predecessor-version":[{"id":146981,"href":"https:\/\/www.fuldaernachrichten.de\/index.php?rest_route=\/wp\/v2\/posts\/146973\/revisions\/146981"}],"wp:attachment":[{"href":"https:\/\/www.fuldaernachrichten.de\/index.php?rest_route=%2Fwp%2Fv2%2Fmedia&parent=146973"}],"wp:term":[{"taxonomy":"category","embeddable":true,"href":"https:\/\/www.fuldaernachrichten.de\/index.php?rest_route=%2Fwp%2Fv2%2Fcategories&post=146973"},{"taxonomy":"post_tag","embeddable":true,"href":"https:\/\/www.fuldaernachrichten.de\/index.php?rest_route=%2Fwp%2Fv2%2Ftags&post=146973"}],"curies":[{"name":"wp","href":"https:\/\/api.w.org\/{rel}","templated":true}]}}