{"id":146963,"date":"2016-01-09T17:48:14","date_gmt":"2016-01-09T16:48:14","guid":{"rendered":"http:\/\/www.fuldaer-nachrichten.de\/?p=146963"},"modified":"2016-01-09T17:48:14","modified_gmt":"2016-01-09T16:48:14","slug":"im-urlaub-daheim-sein-gaesteehrung-hofbieber","status":"publish","type":"post","link":"https:\/\/www.fuldaernachrichten.de\/?p=146963","title":{"rendered":"Im Urlaub daheim sein &#8211; G\u00e4steehrung Hofbieber"},"content":{"rendered":"<p>Seit 1975 \u00fcbernachtet Erich Stremel aus Biedenkopf mehrmals im Jahr im Langenbieberer Gasthaus \u201eZur Linde\u201c in der Urlaubsgemeinde Hofbieber.<br \/>\nAnfangs waren es berufliche \u00dcbernachtungen, da er im Au\u00dfendienst die gesamte Rh\u00f6n bereiste. Daraus wurden dann vor 28 Jahren auch mehrere Urlaubsaufenthalte pro Jahr, die er hier mit seiner Frau verbrachte.<br \/>\nDes \u00d6fteren kamen hier auch schon Freunde und Bekannte mit zu Kollmanns nach Langenbieber.<\/p>\n<p>Hannelore und Klaus Dermitzel aus Porta Westfalica kamen anl\u00e4sslich ihres letzten Aufenthaltes \u00fcber Silvester und Neujahr bereits zum 50. Mal ebenfalls in das Gasthaus \u201eZur Linde\u201c.<br \/>\nDurch Nachfrage bei der Tourist-Information und aufgrund der zugesandten Prospekte entschieden sie sich vor vielen Jahren f\u00fcr einen Urlaub im Erholungsort Langenbieber.<br \/>\nAuch sie kommen mehrmals j\u00e4hrlich\u00c2\u00a0 und genie\u00dfen die sch\u00f6ne Landschaft, die gute Rh\u00f6ner K\u00fcche und die Ruhe in ihrem Ferienquartier.<br \/>\nHier haben sie auch Erich Stremel und seine Frau bei einem Urlaubsaufenthalt kennengelernt. Seitdem trifft man sich oft und verbringt gemeinsam sch\u00f6ne Tage in der Rh\u00f6n.<\/p>\n<p>Viele Ausfl\u00fcge nach Fulda und in die Rh\u00f6n, aber auch ausgiebige Spazierg\u00e4nge geh\u00f6ren zum festen Urlaubsprogramm. F\u00fcr beide Paare ist die Rh\u00f6ner Gastlichkeit und Freundlichkeit besonders auff\u00e4llig.<br \/>\n\u201e\u00dcberall wird man nett und freundlich gegr\u00fc\u00dft\u201c, betonen sie. Schon bei der Anreise f\u00fchle man sich wie auf dem Weg nach Hause.<\/p>\n<p>Anl\u00e4sslich einer kleinen Feierlichkeit im Gasthaus \u201eZur Linde\u201c wurden die Urlaubsjubilare f\u00fcr Ihren 40-j\u00e4hrigen bzw. 50. Aufenthalt vom Leiter der Tourist-Information Hofbieber, Klaus-Dieter Eckstein,\u00c2\u00a0 geehrt.<br \/>\nEr \u00fcberreichte den G\u00e4sten jeweils 1 Wappenbild der Gemeinde Hofbieber und eine Hofbieberer Einkaufstasche sowie eine Urkunde.<br \/>\nEr bedankte sich aber auch bei dem ausgezeichneten Gastgeber und Inhaber des Gasthauses \u201eZur Linde\u201c, Matthias Kollmann.<br \/>\n\u201eWer so oft G\u00e4steehrungen vorwei\u00dfen kann, der erbringt auch den Nachweis seiner guten Tourismusarbeit und Qualit\u00e4t, denn nur der zufriedene Gast kommt immer wieder an den gleichen Ort\u201c, sagte Klaus-Dieter Eckstein.<br \/>\nMatthias Kollmann \u00fcberreichte den G\u00e4sten jeweils einen Gutschein und das Hofbieber Spiel. Auch er bedankte sich herzlich bei den treuen G\u00e4sten.<\/p>\n","protected":false},"excerpt":{"rendered":"<div class=\"tmnf_excerpt\"><p>Seit 1975 \u00fcbernachtet Erich Stremel aus Biedenkopf mehrmals im Jahr im Langenbieberer Gasthaus \u201eZur Linde\u201c in der Urlaubsgemeinde Hofbieber. Anfangs waren es berufliche \u00dcbernachtungen, da er im Au\u00dfendienst die gesamte Rh\u00f6n bereiste. Daraus wurden dann vor 28 Jahren auch mehrere Urlaubsaufenthalte pro Jahr, die er hier mit seiner Frau verbrachte. Des \u00d6fteren kamen hier auch &hellip;<\/p>\n<\/div>","protected":false},"author":1,"featured_media":146971,"comment_status":"closed","ping_status":"closed","sticky":false,"template":"","format":"standard","meta":{"footnotes":""},"categories":[1],"tags":[],"class_list":["post-146963","post","type-post","status-publish","format-standard","has-post-thumbnail","hentry","category-startseite"],"_links":{"self":[{"href":"https:\/\/www.fuldaernachrichten.de\/index.php?rest_route=\/wp\/v2\/posts\/146963","targetHints":{"allow":["GET"]}}],"collection":[{"href":"https:\/\/www.fuldaernachrichten.de\/index.php?rest_route=\/wp\/v2\/posts"}],"about":[{"href":"https:\/\/www.fuldaernachrichten.de\/index.php?rest_route=\/wp\/v2\/types\/post"}],"author":[{"embeddable":true,"href":"https:\/\/www.fuldaernachrichten.de\/index.php?rest_route=\/wp\/v2\/users\/1"}],"replies":[{"embeddable":true,"href":"https:\/\/www.fuldaernachrichten.de\/index.php?rest_route=%2Fwp%2Fv2%2Fcomments&post=146963"}],"version-history":[{"count":1,"href":"https:\/\/www.fuldaernachrichten.de\/index.php?rest_route=\/wp\/v2\/posts\/146963\/revisions"}],"predecessor-version":[{"id":146978,"href":"https:\/\/www.fuldaernachrichten.de\/index.php?rest_route=\/wp\/v2\/posts\/146963\/revisions\/146978"}],"wp:featuredmedia":[{"embeddable":true,"href":"https:\/\/www.fuldaernachrichten.de\/index.php?rest_route=\/wp\/v2\/media\/146971"}],"wp:attachment":[{"href":"https:\/\/www.fuldaernachrichten.de\/index.php?rest_route=%2Fwp%2Fv2%2Fmedia&parent=146963"}],"wp:term":[{"taxonomy":"category","embeddable":true,"href":"https:\/\/www.fuldaernachrichten.de\/index.php?rest_route=%2Fwp%2Fv2%2Fcategories&post=146963"},{"taxonomy":"post_tag","embeddable":true,"href":"https:\/\/www.fuldaernachrichten.de\/index.php?rest_route=%2Fwp%2Fv2%2Ftags&post=146963"}],"curies":[{"name":"wp","href":"https:\/\/api.w.org\/{rel}","templated":true}]}}