{"id":146957,"date":"2016-01-09T17:44:20","date_gmt":"2016-01-09T16:44:20","guid":{"rendered":"http:\/\/www.fuldaer-nachrichten.de\/?p=146957"},"modified":"2016-01-09T17:44:20","modified_gmt":"2016-01-09T16:44:20","slug":"faschingsbasar-in-der-muetze-noch-nummern-zu-vergeben-bis-zum-13-01-16","status":"publish","type":"post","link":"https:\/\/www.fuldaernachrichten.de\/?p=146957","title":{"rendered":"Faschingsbasar in \u201eDer M\u00dcTZE\u201c &#8211; noch Nummern zu vergeben bis zum 13.01.16-"},"content":{"rendered":"<p>Der F\u00f6rderverein der Bildungs- und Begegnungsst\u00e4tte M\u00fctterzentrum Fulda e. V. veranstaltet einen Faschingsbasar.<br \/>\nAngeboten werden gut erhaltene, neuwertige Kost\u00fcme, Verkleidungen und Zubeh\u00f6r f\u00fcr Kinder und Erwachsene. Wer noch Kost\u00fcme oder Verkleidungen hat, Verkaufsnummern kann man noch bis Mittwoch, 13.01.16 im M\u00fctterzentrum unter Tel. 0661\/8050 bekommen.<\/p>\n<p>Der eigentliche Faschingsbasar findet dann am Samstag, 16.01.2016 in der Zeit von 14.00 \u2013 16.00 Uhr in \u201eDer M\u00dcTZE\u201c, Gallasiniring 8, in Fulda statt. F\u00fcr das leibliche Wohl ist mit Kaffee und Kuchen gesorgt.<\/p>\n","protected":false},"excerpt":{"rendered":"<div class=\"tmnf_excerpt\"><p>Der F\u00f6rderverein der Bildungs- und Begegnungsst\u00e4tte M\u00fctterzentrum Fulda e. V. veranstaltet einen Faschingsbasar. Angeboten werden gut erhaltene, neuwertige Kost\u00fcme, Verkleidungen und Zubeh\u00f6r f\u00fcr Kinder und Erwachsene. Wer noch Kost\u00fcme oder Verkleidungen hat, Verkaufsnummern kann man noch bis Mittwoch, 13.01.16 im M\u00fctterzentrum unter Tel. 0661\/8050 bekommen. Der eigentliche Faschingsbasar findet dann am Samstag, 16.01.2016 in der &hellip;<\/p>\n<\/div>","protected":false},"author":1,"featured_media":0,"comment_status":"closed","ping_status":"closed","sticky":false,"template":"","format":"standard","meta":{"footnotes":""},"categories":[1],"tags":[],"class_list":["post-146957","post","type-post","status-publish","format-standard","hentry","category-startseite"],"_links":{"self":[{"href":"https:\/\/www.fuldaernachrichten.de\/index.php?rest_route=\/wp\/v2\/posts\/146957","targetHints":{"allow":["GET"]}}],"collection":[{"href":"https:\/\/www.fuldaernachrichten.de\/index.php?rest_route=\/wp\/v2\/posts"}],"about":[{"href":"https:\/\/www.fuldaernachrichten.de\/index.php?rest_route=\/wp\/v2\/types\/post"}],"author":[{"embeddable":true,"href":"https:\/\/www.fuldaernachrichten.de\/index.php?rest_route=\/wp\/v2\/users\/1"}],"replies":[{"embeddable":true,"href":"https:\/\/www.fuldaernachrichten.de\/index.php?rest_route=%2Fwp%2Fv2%2Fcomments&post=146957"}],"version-history":[{"count":1,"href":"https:\/\/www.fuldaernachrichten.de\/index.php?rest_route=\/wp\/v2\/posts\/146957\/revisions"}],"predecessor-version":[{"id":146964,"href":"https:\/\/www.fuldaernachrichten.de\/index.php?rest_route=\/wp\/v2\/posts\/146957\/revisions\/146964"}],"wp:attachment":[{"href":"https:\/\/www.fuldaernachrichten.de\/index.php?rest_route=%2Fwp%2Fv2%2Fmedia&parent=146957"}],"wp:term":[{"taxonomy":"category","embeddable":true,"href":"https:\/\/www.fuldaernachrichten.de\/index.php?rest_route=%2Fwp%2Fv2%2Fcategories&post=146957"},{"taxonomy":"post_tag","embeddable":true,"href":"https:\/\/www.fuldaernachrichten.de\/index.php?rest_route=%2Fwp%2Fv2%2Ftags&post=146957"}],"curies":[{"name":"wp","href":"https:\/\/api.w.org\/{rel}","templated":true}]}}