{"id":146949,"date":"2016-01-07T18:58:19","date_gmt":"2016-01-07T17:58:19","guid":{"rendered":"http:\/\/www.fuldaer-nachrichten.de\/?p=146949"},"modified":"2016-01-07T18:58:19","modified_gmt":"2016-01-07T17:58:19","slug":"kinderklinik-des-klinikums-fulda-und-jugendraum-luetter-erhalten-sachspende","status":"publish","type":"post","link":"https:\/\/www.fuldaernachrichten.de\/?p=146949","title":{"rendered":"Kinderklinik des Klinikums Fulda und Jugendraum L\u00fctter erhalten Sachspende"},"content":{"rendered":"<p>Einen der hei\u00dfesten Tage des abgelaufenen Jahres vers\u00fc\u00dfte eine Aktion der Initiative \u201eFulda schenkt sich Gl\u00fcck\u201c den Passanten in Fuldas Innenstadt: Dort waren drei von F\u00f6rstina gesponserte Getr\u00e4nkek\u00fchlschr\u00e4nke aufgestellt, best\u00fcckt mit Mineralwasser und Schorlen. Ein Exemplar wurde nun an die Kinderklinik des Klinikums Fulda \u00fcbergeben, ein weiteres im neu eingerichteten Jugendraum in L\u00fctter aufgestellt.<\/p>\n<p>\u201eEigens f\u00fcr die Aktion angeschafft und vom Fuldaer K\u00fcnstler Ingmar S\u00fc\u00df aufw\u00e4ndig gestaltet, sollen diese hochwertigen Unikate auch k\u00fcnftig Gl\u00fcck stiften\u201c, sagte F\u00f6rstina-Verkaufsleiter Gerhard Bub. Daf\u00fcr war \u00fcber die facebook-Seite des Eichenzeller Mineralbrunnens eine \u201eVerlosung\u201c ausgeschrieben: \u201eIhr kennt eine ehrenamtlich t\u00e4tige Initiative, \u00fcbt selbst gemeinn\u00fctziges Engagement aus oder habt einfach nur eine Idee, wo man eines dieser drei Schmuckst\u00fccke dringend gebrauchen k\u00f6nnte? Dann lasst uns eure Vorschl\u00e4ge mit einer kurzen Begr\u00fcndung zukommen \u2013 die drei besten Vorschl\u00e4ge \u00e2\u20ac\u0161gewinnen\u00e2\u20ac\u02dc!\u201c, hie\u00df es dort. Henrik Schmitt, dessen Mutter das Sekretariat der Kinderklinik Fulda leitet, postete dann die Idee, eines der K\u00fchlschrankunikate dort zu platzieren. \u201eNat\u00fcrlich h\u00e4tte der K\u00fchlschrank sich auch zuhause im Partykeller gut gemacht, aber hier in der Kinderklinik stiftet er sicherlich mehr Nutzen!\u201c, so Henrik Schmitt. Auch Professor Dr. Reinald Repp, Direktor der Klinik f\u00fcr Kinder- und Jugendmedizin, war sofort begeistert: \u201eHier passt er sich perfekt in die Umgebung ein und spart unseren Kindern und Eltern den Weg ins Erdgeschoss. Vielen Dank f\u00fcr diese gro\u00dfartige Initiative!\u201c<\/p>\n","protected":false},"excerpt":{"rendered":"<div class=\"tmnf_excerpt\"><p>Einen der hei\u00dfesten Tage des abgelaufenen Jahres vers\u00fc\u00dfte eine Aktion der Initiative \u201eFulda schenkt sich Gl\u00fcck\u201c den Passanten in Fuldas Innenstadt: Dort waren drei von F\u00f6rstina gesponserte Getr\u00e4nkek\u00fchlschr\u00e4nke aufgestellt, best\u00fcckt mit Mineralwasser und Schorlen. Ein Exemplar wurde nun an die Kinderklinik des Klinikums Fulda \u00fcbergeben, ein weiteres im neu eingerichteten Jugendraum in L\u00fctter aufgestellt. \u201eEigens &hellip;<\/p>\n<\/div>","protected":false},"author":1,"featured_media":146952,"comment_status":"closed","ping_status":"closed","sticky":false,"template":"","format":"standard","meta":{"footnotes":""},"categories":[1],"tags":[],"class_list":["post-146949","post","type-post","status-publish","format-standard","has-post-thumbnail","hentry","category-startseite"],"_links":{"self":[{"href":"https:\/\/www.fuldaernachrichten.de\/index.php?rest_route=\/wp\/v2\/posts\/146949","targetHints":{"allow":["GET"]}}],"collection":[{"href":"https:\/\/www.fuldaernachrichten.de\/index.php?rest_route=\/wp\/v2\/posts"}],"about":[{"href":"https:\/\/www.fuldaernachrichten.de\/index.php?rest_route=\/wp\/v2\/types\/post"}],"author":[{"embeddable":true,"href":"https:\/\/www.fuldaernachrichten.de\/index.php?rest_route=\/wp\/v2\/users\/1"}],"replies":[{"embeddable":true,"href":"https:\/\/www.fuldaernachrichten.de\/index.php?rest_route=%2Fwp%2Fv2%2Fcomments&post=146949"}],"version-history":[{"count":1,"href":"https:\/\/www.fuldaernachrichten.de\/index.php?rest_route=\/wp\/v2\/posts\/146949\/revisions"}],"predecessor-version":[{"id":146953,"href":"https:\/\/www.fuldaernachrichten.de\/index.php?rest_route=\/wp\/v2\/posts\/146949\/revisions\/146953"}],"wp:featuredmedia":[{"embeddable":true,"href":"https:\/\/www.fuldaernachrichten.de\/index.php?rest_route=\/wp\/v2\/media\/146952"}],"wp:attachment":[{"href":"https:\/\/www.fuldaernachrichten.de\/index.php?rest_route=%2Fwp%2Fv2%2Fmedia&parent=146949"}],"wp:term":[{"taxonomy":"category","embeddable":true,"href":"https:\/\/www.fuldaernachrichten.de\/index.php?rest_route=%2Fwp%2Fv2%2Fcategories&post=146949"},{"taxonomy":"post_tag","embeddable":true,"href":"https:\/\/www.fuldaernachrichten.de\/index.php?rest_route=%2Fwp%2Fv2%2Ftags&post=146949"}],"curies":[{"name":"wp","href":"https:\/\/api.w.org\/{rel}","templated":true}]}}