{"id":146943,"date":"2016-01-07T18:57:09","date_gmt":"2016-01-07T17:57:09","guid":{"rendered":"http:\/\/www.fuldaer-nachrichten.de\/?p=146943"},"modified":"2016-01-07T18:57:09","modified_gmt":"2016-01-07T17:57:09","slug":"fuldas-kuenstler-helfen-fluechtlingen","status":"publish","type":"post","link":"https:\/\/www.fuldaernachrichten.de\/?p=146943","title":{"rendered":"Fuldas K\u00fcnstler helfen Fl\u00fcchtlingen"},"content":{"rendered":"<p>Zu Tausenden kommen die Menschen aus den Kriegs- und Krisengebieten derzeit nach Deutschland. Auch in Fulda haben mittlerweile um die 1.000 Fl\u00fcchtlinge eine provisorische Unterkunft gefunden und es wird nicht bei diesen Zahlen bleiben. Um all diese Menschen nach ihrer oft dramatischen Flucht unterzubringen, zu versorgen und zu betreuen sind neben den zust\u00e4ndigen Stellen der Stadt und des Kreises auch s\u00e4mtliche gemeinn\u00fctzige Organisationen und Sozialverb\u00e4nde im Einsatz. Zusammen mit den zust\u00e4ndigen Beh\u00f6rden packen ihre Mitglieder nicht nur selbst an, sondern koordinieren und begleiten auch die Eins\u00e4tze der zahlreichen ehrenamtlichen Helfer. Um all diesen Helfern und damit letztlich den Fl\u00fcchtlingen zu helfen, wollen Fuldaer K\u00fcnstler rund um den Jongleur Ullich Steybe nun ihre Talente einsetzen. Gemeinsam mit dem Kulturamt Fulda wird eine gro\u00dfe Benefiz-Gala im Fuldaer Schlosstheater organisiert, deren Einnahmen zu 100% an den Kreisverband des Deutschen Roten Kreuzes f\u00fcr den Einsatz in der Fl\u00fcchtlingshilfe geht. Steybe war und ist selbst bei den Fl\u00fcchtlingen ehrenamtlich t\u00e4tig und kam so auf die Idee, B\u00fchnenkollegen aus der Region anzusprechen. Sie alle waren sofort bereit mitzumachen und ihre Gage zu spenden. Es ist schlie\u00dflich nicht zu \u00fcbersehen, dass nicht nur ganz Deutschland, sondern auch die Stadt Fulda und die Region vor Herausforderungen stehen, die man nur bew\u00e4ltigen kann, wenn man zusammenh\u00e4lt.<\/p>\n<p>So kann das Fuldaer Publikum am 11.02.2016 nicht nur Farbe in der Fl\u00fcchtlingsfrage bekennen, es darf sich auch auf etliche Hochkar\u00e4ter der Region freuen. Mit dabei sind: der ausgezeichnete Zauberer Stephan von K\u00f6ller, die Gala-erprobte Entertainerin Marianne Blum, der bekannte Comedian Wolf Mihm (ehemals Wolf &amp; Bleuel), die Schauspieler Barbara und Christoph Gottwald (Theater Mittendrin), der umtriebige Musiker Frank Tischer, das poetisch-komische Clowns-Duo Kaspar &amp; Gaya und der theater-erprobte Comedy-Jongleur Ullich Steybe. Au\u00dfer diesen bekannten Gr\u00f6\u00dfen werden auch K\u00fcnstler zu sehen sein, die als Fl\u00fcchtlinge zu uns gekommen sind. Den Zuschauern werden also au\u00dfer toller Unterhaltung und einem Wiedersehen mit ihren Lieblingen auch exotische Kl\u00e4nge, \u00dcberraschungen und ganz neue Eindr\u00fccke geboten. Allein dieses Programm ist schon ein Grund, sich gleich ein Ticket zu besorgen \u2013 die Tatsache, dass man damit einen Beitrag zur Fl\u00fcchtlingshilfe Fulda leistet ein weiterer. Was k\u00f6nnte man au\u00dferdem Sch\u00f6neres zu Weihnachten schenken?<br \/>\nMan kann es auch so zusammenfassen: Lasst uns gemeinsam in Fulda zusammen kommen, einen tollen Abend verleben und damit ein starkes Zeichen f\u00fcr Toleranz und Hilfsbereitschaft setzen!<\/p>\n<p>Spenden k\u00f6nnen auch unabh\u00e4ngig von der Teilnahme an der Gala \u00fcberwiesen werden, und zwar an den DRK Kreisverband Fulda e.V.<br \/>\nVerwendungszweck: \u00c2\u00a0Benefizkonzert Fuldaer K\u00fcnstler zugunsten der Fl\u00fcchtlingshilfe<br \/>\nIBAN:\u00c2\u00a0DE62 5305 0180 0000 0232 45, BIC: HELADEF1FDS, Sparkasse Fulda<\/p>\n<p>SCHLOSSTHEATER FULDA<br \/>\nDonnerstag, 11.02.2016, 20 Uhr<br \/>\nVeranstalter:\u00c2\u00a0\u00c2\u00a0 \u00c2\u00a0kulturzentrum kreuz e.V. &amp; Kulturamt der Stadt Fulda<\/p>\n<p>Ticket Kategorie 1:\u00c2\u00a0\u00c2\u00a0 \u00c2\u00a032 \u00e2\u201a\u00ac zzgl. Geb\u00fchr<br \/>\nTicket Kategorie 2:\u00c2\u00a0\u00c2\u00a0 \u00c2\u00a030 \u00e2\u201a\u00ac zzgl. Geb\u00fchr<br \/>\nTicket Kategorie 3:\u00c2\u00a0\u00c2\u00a0 \u00c2\u00a028 \u00e2\u201a\u00ac zzgl. Geb\u00fchr<br \/>\nTicket Kategorie 4:\u00c2\u00a0\u00c2\u00a0 \u00c2\u00a026 \u00e2\u201a\u00ac zzgl. Geb\u00fchr<br \/>\nVorverkaufsstellen: \u00c2\u00a0\u00c2\u00a0 \u00c2\u00a0Museumscaf\u00e9 Fulda, Theaterb\u00fcro Fulda, Fuldaer Zeitung 0661-280-644<br \/>\nInfo: \u00c2\u00a0\u00c2\u00a0 \u00c2\u00a0Kulturzentrum Kreuz GmbH 0661-240 230, www.kreuz.com<\/p>\n","protected":false},"excerpt":{"rendered":"<div class=\"tmnf_excerpt\"><p>Zu Tausenden kommen die Menschen aus den Kriegs- und Krisengebieten derzeit nach Deutschland. Auch in Fulda haben mittlerweile um die 1.000 Fl\u00fcchtlinge eine provisorische Unterkunft gefunden und es wird nicht bei diesen Zahlen bleiben. Um all diese Menschen nach ihrer oft dramatischen Flucht unterzubringen, zu versorgen und zu betreuen sind neben den zust\u00e4ndigen Stellen der &hellip;<\/p>\n<\/div>","protected":false},"author":1,"featured_media":146950,"comment_status":"closed","ping_status":"closed","sticky":false,"template":"","format":"standard","meta":{"footnotes":""},"categories":[1],"tags":[],"class_list":["post-146943","post","type-post","status-publish","format-standard","has-post-thumbnail","hentry","category-startseite"],"_links":{"self":[{"href":"https:\/\/www.fuldaernachrichten.de\/index.php?rest_route=\/wp\/v2\/posts\/146943","targetHints":{"allow":["GET"]}}],"collection":[{"href":"https:\/\/www.fuldaernachrichten.de\/index.php?rest_route=\/wp\/v2\/posts"}],"about":[{"href":"https:\/\/www.fuldaernachrichten.de\/index.php?rest_route=\/wp\/v2\/types\/post"}],"author":[{"embeddable":true,"href":"https:\/\/www.fuldaernachrichten.de\/index.php?rest_route=\/wp\/v2\/users\/1"}],"replies":[{"embeddable":true,"href":"https:\/\/www.fuldaernachrichten.de\/index.php?rest_route=%2Fwp%2Fv2%2Fcomments&post=146943"}],"version-history":[{"count":1,"href":"https:\/\/www.fuldaernachrichten.de\/index.php?rest_route=\/wp\/v2\/posts\/146943\/revisions"}],"predecessor-version":[{"id":146951,"href":"https:\/\/www.fuldaernachrichten.de\/index.php?rest_route=\/wp\/v2\/posts\/146943\/revisions\/146951"}],"wp:featuredmedia":[{"embeddable":true,"href":"https:\/\/www.fuldaernachrichten.de\/index.php?rest_route=\/wp\/v2\/media\/146950"}],"wp:attachment":[{"href":"https:\/\/www.fuldaernachrichten.de\/index.php?rest_route=%2Fwp%2Fv2%2Fmedia&parent=146943"}],"wp:term":[{"taxonomy":"category","embeddable":true,"href":"https:\/\/www.fuldaernachrichten.de\/index.php?rest_route=%2Fwp%2Fv2%2Fcategories&post=146943"},{"taxonomy":"post_tag","embeddable":true,"href":"https:\/\/www.fuldaernachrichten.de\/index.php?rest_route=%2Fwp%2Fv2%2Ftags&post=146943"}],"curies":[{"name":"wp","href":"https:\/\/api.w.org\/{rel}","templated":true}]}}