{"id":146937,"date":"2016-01-07T18:55:20","date_gmt":"2016-01-07T17:55:20","guid":{"rendered":"http:\/\/www.fuldaer-nachrichten.de\/?p=146937"},"modified":"2016-01-07T18:55:20","modified_gmt":"2016-01-07T17:55:20","slug":"der-2-winterwandertag-in-willingen-garantiert-seinen-besuchern-viel-abwechslung-auch-familien-mit-kindern-kommen-voll-auf-ihre-kosten","status":"publish","type":"post","link":"https:\/\/www.fuldaernachrichten.de\/?p=146937","title":{"rendered":"Der 2. Winterwandertag in Willingen garantiert seinen Besuchern viel Abwechslung &#8211; Auch Familien mit Kindern kommen voll auf ihre Kosten"},"content":{"rendered":"<p>Nach der erfolgreichen Premierenveranstaltung im Jahr 2014 veranstaltet der Deutsche Wanderverband (DWV) auch den 2. Deutschen Winterwandertag in Willingen. Auf die G\u00e4ste wartet ein speziell auf Winter-Wanderer abgestimmtes Programm, darunter viele spannende Wandererlebnisse wie Panoramatouren, gef\u00fchrte Wanderungen, Fackelwanderungen und die vom DWV zertifizierten Gesundheitswanderungen. Die Wanderungen gibt es in unterschiedlichen Schwierigkeitsgraden, so dass f\u00fcr jeden Anspruch das Passende dabei ist. Dazu haben die Ausrichter der Veranstaltung, die Gemeinde Willingen und der Upl\u00e4nder Gebirgsverein, ein packendes Rahmenprogramm vom 20. bis 24. Januar 2016 organisiert.<\/p>\n<p>Wie bei der Premiere werden die Besucher auf ihre Kosten kommen, zumal der Winterwandertag diesmal an einem Wochenende stattfindet, also auch viele Familien mit Kindern dabei sein k\u00f6nnen. Eigens f\u00fcr sie haben Veranstalter und Ausrichter einen Familien-Aktionstag ins Programm genommen. Am Samstag, 23. Januar, bietet der DWV entsprechende Wanderungen an. DWV-Referentin Andrea Metz: \u201eWandern und Naturerleben werden auf spielerische Art verkn\u00fcpft und machen die Wanderung f\u00fcr alle zum Erlebnis.\u201c W\u00e4hrend der ersten Wanderung von 10:00 bis 12:00 Uhr probieren die Teilnehmer Naturerlebnis-Spiele und Aktivit\u00e4ten aus. Spielerisch wird etwa erkundet, wie bunt die Natur im Winter ist oder wie sich Tiere auf die kalte Jahreszeit vorbereiten. Zwischen 14:00 und 16:00 Uhr steht eine DWV-Familien- Gesundheitswanderung auf dem Programm: Hier werden lustige \u00dcbungen gemacht, die Koordination, Kraft, Ausdauer und Entspannung verbessern. Treffpunkt f\u00fcr die kostenlosen Angebote ist das Besucherzentrum in Willingen (Am Hagen 10).<\/p>\n<p>Der im Zwei-Jahres-Rhythmus stattfindende vom DWV veranstaltete Deutsche Winterwandertag erg\u00e4nzt den traditionell einmal j\u00e4hrlich ebenfalls vom DWV im Sommer veranstalteten Deutschen Wandertag. Zu diesem weltweit gr\u00f6\u00dften Wanderfest kommen j\u00e4hrlich bis zu 30.000 G\u00e4ste.<\/p>\n<p>Der dritte Deutsche Winterwandertag wird im Jahr 2018 im Fichtelgebirge gemeinsam vom Fichtelgebirgsverein und der Erlebnisregion Ochsenkopf ausgerichtet.<\/p>\n","protected":false},"excerpt":{"rendered":"<div class=\"tmnf_excerpt\"><p>Nach der erfolgreichen Premierenveranstaltung im Jahr 2014 veranstaltet der Deutsche Wanderverband (DWV) auch den 2. Deutschen Winterwandertag in Willingen. Auf die G\u00e4ste wartet ein speziell auf Winter-Wanderer abgestimmtes Programm, darunter viele spannende Wandererlebnisse wie Panoramatouren, gef\u00fchrte Wanderungen, Fackelwanderungen und die vom DWV zertifizierten Gesundheitswanderungen. Die Wanderungen gibt es in unterschiedlichen Schwierigkeitsgraden, so dass f\u00fcr jeden &hellip;<\/p>\n<\/div>","protected":false},"author":1,"featured_media":0,"comment_status":"closed","ping_status":"closed","sticky":false,"template":"","format":"standard","meta":{"footnotes":""},"categories":[1],"tags":[],"class_list":["post-146937","post","type-post","status-publish","format-standard","hentry","category-startseite"],"_links":{"self":[{"href":"https:\/\/www.fuldaernachrichten.de\/index.php?rest_route=\/wp\/v2\/posts\/146937","targetHints":{"allow":["GET"]}}],"collection":[{"href":"https:\/\/www.fuldaernachrichten.de\/index.php?rest_route=\/wp\/v2\/posts"}],"about":[{"href":"https:\/\/www.fuldaernachrichten.de\/index.php?rest_route=\/wp\/v2\/types\/post"}],"author":[{"embeddable":true,"href":"https:\/\/www.fuldaernachrichten.de\/index.php?rest_route=\/wp\/v2\/users\/1"}],"replies":[{"embeddable":true,"href":"https:\/\/www.fuldaernachrichten.de\/index.php?rest_route=%2Fwp%2Fv2%2Fcomments&post=146937"}],"version-history":[{"count":1,"href":"https:\/\/www.fuldaernachrichten.de\/index.php?rest_route=\/wp\/v2\/posts\/146937\/revisions"}],"predecessor-version":[{"id":146945,"href":"https:\/\/www.fuldaernachrichten.de\/index.php?rest_route=\/wp\/v2\/posts\/146937\/revisions\/146945"}],"wp:attachment":[{"href":"https:\/\/www.fuldaernachrichten.de\/index.php?rest_route=%2Fwp%2Fv2%2Fmedia&parent=146937"}],"wp:term":[{"taxonomy":"category","embeddable":true,"href":"https:\/\/www.fuldaernachrichten.de\/index.php?rest_route=%2Fwp%2Fv2%2Fcategories&post=146937"},{"taxonomy":"post_tag","embeddable":true,"href":"https:\/\/www.fuldaernachrichten.de\/index.php?rest_route=%2Fwp%2Fv2%2Ftags&post=146937"}],"curies":[{"name":"wp","href":"https:\/\/api.w.org\/{rel}","templated":true}]}}