{"id":146933,"date":"2016-01-07T18:54:58","date_gmt":"2016-01-07T17:54:58","guid":{"rendered":"http:\/\/www.fuldaer-nachrichten.de\/?p=146933"},"modified":"2016-01-07T18:54:58","modified_gmt":"2016-01-07T17:54:58","slug":"einfach-mal-die-waende-hoch-gehen-kletteraktion-an-der-oberwaldschule","status":"publish","type":"post","link":"https:\/\/www.fuldaernachrichten.de\/?p=146933","title":{"rendered":"Einfach mal die W\u00e4nde hoch gehen &#8211; Kletteraktion an der Oberwaldschule"},"content":{"rendered":"<p>Einfach mal die W\u00e4nde hoch gehen! So k\u00f6nnte das Motto einer gelungenen Kletteraktion an der Oberwaldschule Grebenhain gelautet haben. Schulsozialarbeiter Thomas Julius M\u00fcller (Vogelsbergkreis, Mitte) hat mit Andrea Fitzke (ehrenamtliche Fl\u00fcchtlingsbetreuerin, rechts) die Turnhalle in ein Kletterparadies verwandelt, damit Fl\u00fcchtlingskinder und andere Kinder und Jugendliche sich mit viel Spa\u00df am W\u00e4nde-Hochgehen versuchen konnten. Foto: Vogelsbergkreis<\/p>\n","protected":false},"excerpt":{"rendered":"<div class=\"tmnf_excerpt\"><p>Einfach mal die W\u00e4nde hoch gehen! So k\u00f6nnte das Motto einer gelungenen Kletteraktion an der Oberwaldschule Grebenhain gelautet haben. Schulsozialarbeiter Thomas Julius M\u00fcller (Vogelsbergkreis, Mitte) hat mit Andrea Fitzke (ehrenamtliche Fl\u00fcchtlingsbetreuerin, rechts) die Turnhalle in ein Kletterparadies verwandelt, damit Fl\u00fcchtlingskinder und andere Kinder und Jugendliche sich mit viel Spa\u00df am W\u00e4nde-Hochgehen versuchen konnten. Foto: Vogelsbergkreis<\/p>\n<\/div>","protected":false},"author":1,"featured_media":146934,"comment_status":"closed","ping_status":"closed","sticky":false,"template":"","format":"standard","meta":{"footnotes":""},"categories":[1],"tags":[],"class_list":["post-146933","post","type-post","status-publish","format-standard","has-post-thumbnail","hentry","category-startseite"],"_links":{"self":[{"href":"https:\/\/www.fuldaernachrichten.de\/index.php?rest_route=\/wp\/v2\/posts\/146933","targetHints":{"allow":["GET"]}}],"collection":[{"href":"https:\/\/www.fuldaernachrichten.de\/index.php?rest_route=\/wp\/v2\/posts"}],"about":[{"href":"https:\/\/www.fuldaernachrichten.de\/index.php?rest_route=\/wp\/v2\/types\/post"}],"author":[{"embeddable":true,"href":"https:\/\/www.fuldaernachrichten.de\/index.php?rest_route=\/wp\/v2\/users\/1"}],"replies":[{"embeddable":true,"href":"https:\/\/www.fuldaernachrichten.de\/index.php?rest_route=%2Fwp%2Fv2%2Fcomments&post=146933"}],"version-history":[{"count":1,"href":"https:\/\/www.fuldaernachrichten.de\/index.php?rest_route=\/wp\/v2\/posts\/146933\/revisions"}],"predecessor-version":[{"id":146942,"href":"https:\/\/www.fuldaernachrichten.de\/index.php?rest_route=\/wp\/v2\/posts\/146933\/revisions\/146942"}],"wp:featuredmedia":[{"embeddable":true,"href":"https:\/\/www.fuldaernachrichten.de\/index.php?rest_route=\/wp\/v2\/media\/146934"}],"wp:attachment":[{"href":"https:\/\/www.fuldaernachrichten.de\/index.php?rest_route=%2Fwp%2Fv2%2Fmedia&parent=146933"}],"wp:term":[{"taxonomy":"category","embeddable":true,"href":"https:\/\/www.fuldaernachrichten.de\/index.php?rest_route=%2Fwp%2Fv2%2Fcategories&post=146933"},{"taxonomy":"post_tag","embeddable":true,"href":"https:\/\/www.fuldaernachrichten.de\/index.php?rest_route=%2Fwp%2Fv2%2Ftags&post=146933"}],"curies":[{"name":"wp","href":"https:\/\/api.w.org\/{rel}","templated":true}]}}