{"id":146932,"date":"2016-01-07T18:54:53","date_gmt":"2016-01-07T17:54:53","guid":{"rendered":"http:\/\/www.fuldaer-nachrichten.de\/?p=146932"},"modified":"2016-01-07T18:54:53","modified_gmt":"2016-01-07T17:54:53","slug":"das-programm-der-caritas-seniorenreisen-bietet-auch-2016-abwechslungsreiche-ziele","status":"publish","type":"post","link":"https:\/\/www.fuldaernachrichten.de\/?p=146932","title":{"rendered":"Das Programm der Caritas-Seniorenreisen bietet auch 2016 abwechslungsreiche Ziele"},"content":{"rendered":"<p>Seit vielen Jahren bietet die Caritas Fulda Senioren jedes Jahr eine bunte Auswahl an Reisen, die in Bezug auf den Zielort und die Unterkunft speziell auf die Bed\u00fcrfnisse und Interessen \u00e4lterer Menschen zugeschnitten sind. Die Reisen f\u00fchren von der Nord- oder Ostseek\u00fcste im Norden bis an den Alpenrand im S\u00fcden, viele Ziele sind ausgesuchte Kurorte in landschaftlich besonders reizvoller Umgebung.<\/p>\n<p>\u201eEs gibt nat\u00fcrlich Reiseziele, die wir auf Grund der Beliebtheit bei den Senioren regelm\u00e4\u00dfig immer wieder anbieten\u201c, betont die zust\u00e4ndige Caritas-Mitarbeiterin Monika Kuhnke, \u201ewir nehmen aber jedes Jahr auch wenigstens ein neues Angebot in unser Reiseprogramm, um besonders reiselustigen Senioren immer wieder Abwechslung zu bieten. Diesmal sind die Ziele Bad Waldsee und Bad Mergentheim neu mit dabei!\u201c<\/p>\n<p>\u201eSeniorenreisen sind ein wichtiger Bestandteil unserer Angebote f\u00fcr \u00e4ltere Menschen\u201c, betont erg\u00e4nzend Di\u00f6zesan-Caritasdirektor Dr. Markus Juch, der das neue Programm 2016 gemeinsam mit Monika Kuhnke offiziell pr\u00e4sentierte. \u201eViele \u00e4ltere Menschen w\u00fcrden gerne noch verreisen, scheitern aber an dem Buchungsvorgang oder trauen sich nicht alleine loszufahren. Sie w\u00fcnschen sich Betreuung und gleichgesinnte Mitreisende. F\u00fcr sie sind unsere Gruppenreisen, die immer auch von einer Caritas-Ansprechpartnerin f\u00fcr die Teilnehmer begleitet werden, gewisserma\u00dfen ma\u00dfgeschneidert.\u201c<\/p>\n<p>Das neue Jahresprogramm der Caritas-Seniorenreisen kann kostenlos und unverbindlich angefordert werden beim Caritasverband f\u00fcr die Di\u00f6zese Fulda (Tel.0661 \/ 2428-131 oder per E-Mail unter monika.kuhnke@caritas-fulda.de). Auch online unter www.caritas-fulda.de kann man sich informieren: Alle angebotenen Reisen sind dort ausf\u00fchrlich beschrieben \u2013 dazu bitte auf der Eingangsseite rechts unter Caritas-Angebote den Direktlink \u201eSeniorenreisen\u201c anklicken!<\/p>\n","protected":false},"excerpt":{"rendered":"<div class=\"tmnf_excerpt\"><p>Seit vielen Jahren bietet die Caritas Fulda Senioren jedes Jahr eine bunte Auswahl an Reisen, die in Bezug auf den Zielort und die Unterkunft speziell auf die Bed\u00fcrfnisse und Interessen \u00e4lterer Menschen zugeschnitten sind. Die Reisen f\u00fchren von der Nord- oder Ostseek\u00fcste im Norden bis an den Alpenrand im S\u00fcden, viele Ziele sind ausgesuchte Kurorte &hellip;<\/p>\n<\/div>","protected":false},"author":1,"featured_media":146940,"comment_status":"closed","ping_status":"closed","sticky":false,"template":"","format":"standard","meta":{"footnotes":""},"categories":[1],"tags":[],"class_list":["post-146932","post","type-post","status-publish","format-standard","has-post-thumbnail","hentry","category-startseite"],"_links":{"self":[{"href":"https:\/\/www.fuldaernachrichten.de\/index.php?rest_route=\/wp\/v2\/posts\/146932","targetHints":{"allow":["GET"]}}],"collection":[{"href":"https:\/\/www.fuldaernachrichten.de\/index.php?rest_route=\/wp\/v2\/posts"}],"about":[{"href":"https:\/\/www.fuldaernachrichten.de\/index.php?rest_route=\/wp\/v2\/types\/post"}],"author":[{"embeddable":true,"href":"https:\/\/www.fuldaernachrichten.de\/index.php?rest_route=\/wp\/v2\/users\/1"}],"replies":[{"embeddable":true,"href":"https:\/\/www.fuldaernachrichten.de\/index.php?rest_route=%2Fwp%2Fv2%2Fcomments&post=146932"}],"version-history":[{"count":1,"href":"https:\/\/www.fuldaernachrichten.de\/index.php?rest_route=\/wp\/v2\/posts\/146932\/revisions"}],"predecessor-version":[{"id":146941,"href":"https:\/\/www.fuldaernachrichten.de\/index.php?rest_route=\/wp\/v2\/posts\/146932\/revisions\/146941"}],"wp:featuredmedia":[{"embeddable":true,"href":"https:\/\/www.fuldaernachrichten.de\/index.php?rest_route=\/wp\/v2\/media\/146940"}],"wp:attachment":[{"href":"https:\/\/www.fuldaernachrichten.de\/index.php?rest_route=%2Fwp%2Fv2%2Fmedia&parent=146932"}],"wp:term":[{"taxonomy":"category","embeddable":true,"href":"https:\/\/www.fuldaernachrichten.de\/index.php?rest_route=%2Fwp%2Fv2%2Fcategories&post=146932"},{"taxonomy":"post_tag","embeddable":true,"href":"https:\/\/www.fuldaernachrichten.de\/index.php?rest_route=%2Fwp%2Fv2%2Ftags&post=146932"}],"curies":[{"name":"wp","href":"https:\/\/api.w.org\/{rel}","templated":true}]}}