{"id":146929,"date":"2016-01-07T18:55:06","date_gmt":"2016-01-07T17:55:06","guid":{"rendered":"http:\/\/www.fuldaer-nachrichten.de\/?p=146929"},"modified":"2016-01-07T18:55:06","modified_gmt":"2016-01-07T17:55:06","slug":"junge-philharmonie-fulda-ergaenzt-musikalisches-angebot-der-region","status":"publish","type":"post","link":"https:\/\/www.fuldaernachrichten.de\/?p=146929","title":{"rendered":"Junge Philharmonie Fulda erg\u00e4nzt musikalisches Angebot der Region"},"content":{"rendered":"<p>Ein pr\u00e4gnantes Hornsolo, aufstrebende Streicher-Partien und schmetternde Bl\u00e4serfanfaren: Die Aussicht, Anton Bruckners Sinfonie Nr. 4 in Es-Dur spielen zu d\u00fcrfen, lenkt bereits zum Jahresbeginn die Vorfreude der Musiker der Jungen Philharmonie Fulda auf die zweite Jahresh\u00e4lfte. Denn am 3. Oktober soll das Werk mit dem Beinamen \u201eDie Romantische\u201c erklingen. \u201eEine der Musikerinnen hat schon angek\u00fcndigt, daf\u00fcr die Feier zu ihrem 18. Geburtstag ausfallen zu lassen\u201c, erz\u00e4hlt Ekkehard Hauenstein mit einem Lachen. Doch dieser engagierte Einsatz ist im Ensemble kein Einzelfall.<\/p>\n<p>Der Dirigent des Orchesters ist selbst Profimusiker, ausgezeichnet mit zahlreichen internationalen Preisen. Zurzeit hat er ein Engagement als Solofl\u00f6tist am Staatstheater Meiningen und ist nach Meisterkursen unter anderem bei Sergiu Celibidache und Carlos Kleiber als freischaffender Dirigent t\u00e4tig. Er leitet verschiedene Ensembles in verschiedenen St\u00e4dten wie M\u00fcnchen \u2013 und eben in Fulda. In der Barockstadt tut er dies wie alle anderen Musiker der Jungen Philharmonie im \u00dcbrigen ohne finanziellen Nutzen: \u201eDie Arbeit mit der Jungen Philharmonie Fulda begeistert mich immer wieder aufs Neue\u201c, erkl\u00e4rt Hauenstein seine Motivation dazu und erg\u00e4nzt: \u201eDie Basis des Orchesters ist ein hohes technisches K\u00f6nnen, aber fast wichtiger ist es, dass alle mit ihrer Freude an der Musik den Funken aufs Publikum \u00fcberspringen lassen k\u00f6nnen.\u201c Wie begeistert der Profi von seinem Ensemble ist, l\u00e4sst sich vielleicht auch an etwas anderem ablesen: Er f\u00fchrt nicht nur den Taktstock, sondern gemeinsam mit anderen Musikern stemmt er auch die umfangreiche Organisation. Und das bedeutet, Konzertorte zu suchen, Noten zu beschaffen, Engagements im Ausland zu erm\u00f6glichen, Unterst\u00fctzer zu finden oder auch Plakate in Fulda zu kleben \u2013 auch dabei sieht er sich als Teil des Ganzen.<\/p>\n<p>\u201eDas Ganze\u201c, das sind junge, versierte Instrumentalisten, die eine Profikarriere anstreben oder als Laien auf h\u00f6chstem Niveau spielen. \u201eJeder ist in der Lage, sich seine Stimme selbst anzueignen, so dass Proben dann direkt f\u00fcr die musikalische Arbeit genutzt werden k\u00f6nnen\u201c, erkl\u00e4rt der Dirigent. Damit aus den Einzelstimmen ein harmonischer Klangk\u00f6rper entstehen kann, gibt es intensive Probephasen \u00fcber ein, zwei Wochenenden. Am Ende des zweiten Wochenendes folgt dann die Auff\u00fchrung des erarbeiteten Repertoires. So war es bereits mit dem Programm \u201eShakespeare in love\u201c mit Werken von Tschaikowsky, Prokofjew und Mendelssohn im Oktober 2012 oder mit dem Premierenkonzert 2011, das ausschlie\u00dflich festliche Ouvert\u00fcren pr\u00e4sentierte, und so wird es mit Bruckners vierter Sinfonie sein.<\/p>\n<p>Welche Werke gespielt werden, das bestimmen die Musiker selbst: \u201e\u00dcber soziale Netzwerke ist ein Austausch v\u00f6llig unkompliziert\u201c, erz\u00e4hlt Hauenstein augenzwinkernd. In ihren Planungen blickt die Junge Philharmonie Fulda aber auch \u00fcber den eigenen B\u00fchnenrand hinaus. \u201eWir m\u00f6chten niemandem Konkurrenz machen, sondern das Angebot bereichern\u201c, betont der Dirigent. Und da einige der Musiker auch aktiv in anderen Ensembles der Region sind, haben alle ein Interesse daran, dass niemand zwischen den St\u00fchlen sitzen muss \u2013 weder als Musiker noch als Publikum.<\/p>\n<p>Kontakt:<br \/>\nOrt und Zeit des Konzerts am 3. Oktober stehen noch nicht fest. Mehr Infos im Internet unter www.juphi-fulda.de. Wer sich f\u00fcr die Arbeit der Jungen Philharmonie Fulda interessiert und zu ihnen Kontakt aufnehmen m\u00f6chte, kann dies tun per Mail an info@juphi-fulda.de<\/p>\n","protected":false},"excerpt":{"rendered":"<div class=\"tmnf_excerpt\"><p>Ein pr\u00e4gnantes Hornsolo, aufstrebende Streicher-Partien und schmetternde Bl\u00e4serfanfaren: Die Aussicht, Anton Bruckners Sinfonie Nr. 4 in Es-Dur spielen zu d\u00fcrfen, lenkt bereits zum Jahresbeginn die Vorfreude der Musiker der Jungen Philharmonie Fulda auf die zweite Jahresh\u00e4lfte. Denn am 3. Oktober soll das Werk mit dem Beinamen \u201eDie Romantische\u201c erklingen. \u201eEine der Musikerinnen hat schon angek\u00fcndigt, &hellip;<\/p>\n<\/div>","protected":false},"author":1,"featured_media":146936,"comment_status":"closed","ping_status":"closed","sticky":false,"template":"","format":"standard","meta":{"footnotes":""},"categories":[1],"tags":[],"class_list":["post-146929","post","type-post","status-publish","format-standard","has-post-thumbnail","hentry","category-startseite"],"_links":{"self":[{"href":"https:\/\/www.fuldaernachrichten.de\/index.php?rest_route=\/wp\/v2\/posts\/146929","targetHints":{"allow":["GET"]}}],"collection":[{"href":"https:\/\/www.fuldaernachrichten.de\/index.php?rest_route=\/wp\/v2\/posts"}],"about":[{"href":"https:\/\/www.fuldaernachrichten.de\/index.php?rest_route=\/wp\/v2\/types\/post"}],"author":[{"embeddable":true,"href":"https:\/\/www.fuldaernachrichten.de\/index.php?rest_route=\/wp\/v2\/users\/1"}],"replies":[{"embeddable":true,"href":"https:\/\/www.fuldaernachrichten.de\/index.php?rest_route=%2Fwp%2Fv2%2Fcomments&post=146929"}],"version-history":[{"count":1,"href":"https:\/\/www.fuldaernachrichten.de\/index.php?rest_route=\/wp\/v2\/posts\/146929\/revisions"}],"predecessor-version":[{"id":146944,"href":"https:\/\/www.fuldaernachrichten.de\/index.php?rest_route=\/wp\/v2\/posts\/146929\/revisions\/146944"}],"wp:featuredmedia":[{"embeddable":true,"href":"https:\/\/www.fuldaernachrichten.de\/index.php?rest_route=\/wp\/v2\/media\/146936"}],"wp:attachment":[{"href":"https:\/\/www.fuldaernachrichten.de\/index.php?rest_route=%2Fwp%2Fv2%2Fmedia&parent=146929"}],"wp:term":[{"taxonomy":"category","embeddable":true,"href":"https:\/\/www.fuldaernachrichten.de\/index.php?rest_route=%2Fwp%2Fv2%2Fcategories&post=146929"},{"taxonomy":"post_tag","embeddable":true,"href":"https:\/\/www.fuldaernachrichten.de\/index.php?rest_route=%2Fwp%2Fv2%2Ftags&post=146929"}],"curies":[{"name":"wp","href":"https:\/\/api.w.org\/{rel}","templated":true}]}}