{"id":146921,"date":"2016-01-06T19:05:44","date_gmt":"2016-01-06T18:05:44","guid":{"rendered":"http:\/\/www.fuldaer-nachrichten.de\/?p=146921"},"modified":"2016-01-06T19:05:44","modified_gmt":"2016-01-06T18:05:44","slug":"mit-hessen-fordert-fuer-den-mittelstand-ein-gesetzgeberisch-mittelstandsfreundliches-jahr","status":"publish","type":"post","link":"https:\/\/www.fuldaernachrichten.de\/?p=146921","title":{"rendered":"MIT Hessen fordert f\u00fcr den Mittelstand ein gesetzgeberisch mittelstandsfreundliches Jahr"},"content":{"rendered":"<p>\u201eDas Jahr 2016 wird wirtschaftlich erfolgreich sein, sofern der Gesetzgeber sich mittelstandsfreundlich verh\u00e4lt\u201c, erkl\u00e4rte der Landesvorsitzende der Mittelstands- und Wirtschaftsvereinigung Hessen MIT, Frank Hartmann, in Fulda.<\/p>\n<p>Gerade die SPD-gef\u00fchrten Bundesministerien versuchten, weitere Belastungen f\u00fcr den Mittelstand durchzusetzen.<\/p>\n<p>So plane SPD-Ministerin Nahles die weitere Einschr\u00e4nkung von Werkvertr\u00e4gen und der Zeitarbeit. \u201eWir befinden uns weltweilt und gerade in Deutschland im Bereich der Globalisierung und die SPD will eine moderne und notwendige Flexibilisierung der Wirtschaft verhindern\u201c, kritisierte Hartmann.<\/p>\n<p>SPD-Ministerin Schwesig plane f\u00fcr alle Arbeitnehmer einen individuellen Auskunftsanspruch dahingehend, welchen Verdienst alle anderen Arbeitskollegen in der Firma haben. Sofern diese ein h\u00f6heres Gehalt haben, solle ein Anspruch auf Nachzahlung und gleiche Bezahlung bestehen. \u201eDieser Vorschlag f\u00fchrt zu einem Misstrauensklima in der Belegschaft. Und die H\u00f6he des Gehalts l\u00e4sst sich doch nicht schematisch festlegen\u201c, betonte Hartmann.<\/p>\n<p>Diese Beispiele zeigten, dass sich Mittelst\u00e4ndler immer mehr am politischen G\u00e4ngelband befinden und immer mehr planwirtschaftliche Regelungen durchgesetzt werden sollen, bedauerte Hartmann.<\/p>\n<p>Es m\u00fcsse Schluss sein mit Lippenbekenntnissen und Sonntagsreden, in denen die Unterst\u00fctzung des Mittelstandes zugesichert werde.<\/p>\n<p>Tats\u00e4chliche verursache gerade die SPD eine Regulierungs- und B\u00fcrokratieplage und wolle einen Bevormundungsstaat.<\/p>\n<p>Deutschland brauche aber weniger strukturelle Verschlechterungen und Eingriffe in privatwirtschaftliche Vertr\u00e4ge, sondern mehr unternehmerische Freiheit.<\/p>\n<p>Die MIT Hessen fordere deshalb einen wirtschaftspolitischen Belastungsstopp, erkl\u00e4rte Hartmann.<\/p>\n","protected":false},"excerpt":{"rendered":"<div class=\"tmnf_excerpt\"><p>\u201eDas Jahr 2016 wird wirtschaftlich erfolgreich sein, sofern der Gesetzgeber sich mittelstandsfreundlich verh\u00e4lt\u201c, erkl\u00e4rte der Landesvorsitzende der Mittelstands- und Wirtschaftsvereinigung Hessen MIT, Frank Hartmann, in Fulda. Gerade die SPD-gef\u00fchrten Bundesministerien versuchten, weitere Belastungen f\u00fcr den Mittelstand durchzusetzen. So plane SPD-Ministerin Nahles die weitere Einschr\u00e4nkung von Werkvertr\u00e4gen und der Zeitarbeit. \u201eWir befinden uns weltweilt und gerade &hellip;<\/p>\n<\/div>","protected":false},"author":1,"featured_media":0,"comment_status":"closed","ping_status":"closed","sticky":false,"template":"","format":"standard","meta":{"footnotes":""},"categories":[29],"tags":[],"class_list":["post-146921","post","type-post","status-publish","format-standard","hentry","category-politik"],"_links":{"self":[{"href":"https:\/\/www.fuldaernachrichten.de\/index.php?rest_route=\/wp\/v2\/posts\/146921","targetHints":{"allow":["GET"]}}],"collection":[{"href":"https:\/\/www.fuldaernachrichten.de\/index.php?rest_route=\/wp\/v2\/posts"}],"about":[{"href":"https:\/\/www.fuldaernachrichten.de\/index.php?rest_route=\/wp\/v2\/types\/post"}],"author":[{"embeddable":true,"href":"https:\/\/www.fuldaernachrichten.de\/index.php?rest_route=\/wp\/v2\/users\/1"}],"replies":[{"embeddable":true,"href":"https:\/\/www.fuldaernachrichten.de\/index.php?rest_route=%2Fwp%2Fv2%2Fcomments&post=146921"}],"version-history":[{"count":1,"href":"https:\/\/www.fuldaernachrichten.de\/index.php?rest_route=\/wp\/v2\/posts\/146921\/revisions"}],"predecessor-version":[{"id":146928,"href":"https:\/\/www.fuldaernachrichten.de\/index.php?rest_route=\/wp\/v2\/posts\/146921\/revisions\/146928"}],"wp:attachment":[{"href":"https:\/\/www.fuldaernachrichten.de\/index.php?rest_route=%2Fwp%2Fv2%2Fmedia&parent=146921"}],"wp:term":[{"taxonomy":"category","embeddable":true,"href":"https:\/\/www.fuldaernachrichten.de\/index.php?rest_route=%2Fwp%2Fv2%2Fcategories&post=146921"},{"taxonomy":"post_tag","embeddable":true,"href":"https:\/\/www.fuldaernachrichten.de\/index.php?rest_route=%2Fwp%2Fv2%2Ftags&post=146921"}],"curies":[{"name":"wp","href":"https:\/\/api.w.org\/{rel}","templated":true}]}}