{"id":146919,"date":"2016-01-06T19:05:16","date_gmt":"2016-01-06T18:05:16","guid":{"rendered":"http:\/\/www.fuldaer-nachrichten.de\/?p=146919"},"modified":"2016-01-06T19:05:16","modified_gmt":"2016-01-06T18:05:16","slug":"gruene-bedauern-verpasste-chance-eika-gelaende-wird-nicht-eigentum-der-stadt-fulda","status":"publish","type":"post","link":"https:\/\/www.fuldaernachrichten.de\/?p=146919","title":{"rendered":"GR\u00dcNE bedauern verpasste Chance Eika-Gel\u00e4nde wird nicht Eigentum der Stadt Fulda"},"content":{"rendered":"<p>Fuldas GR\u00dcNE-Stadtfraktion bedauert, dass die Stadt Fulda die Chance nicht ergriffen hat, das Eika-Areal zu kaufen, um so diese sechs Hektar aktiv gestalten zu k\u00f6nnen. Die GR\u00dcNEN erinnern daran, dass ihr OB-Kandidat Ralf Zwengel bereits vor einem Jahr erkl\u00e4rte: \u201eEs ist sehr schade, dass mit der Stilllegung des Werkes \u00e2\u20ac\u0161An Vierzehnheiligen\u00e2\u20ac\u02dc zum 1. April 2015 das Kapitel der traditionsreichen Fuldaer Kerzenmanufaktur nach 191 Jahren geschlossen wird. 80 Menschen verlieren ihren Arbeitsplatz, die Stadt verliert ein Unternehmen, Fulda verliert eine traditionsreiche, europaweit bekannte Marke. Doch jedem Ende wohnt ein neuer Anfang inne. Der geschichtstr\u00e4chtige Bau aus rotem Ziegelmauerwerk sollte von der Stadt Fulda erworben werden, damit Stadtgestaltung an dieser Stelle nicht Investoren \u00fcberlassen wird. Welcher Nutzung dieses technische Baudenkmal k\u00fcnftig zugef\u00fchrt werden sollte, muss ohne genauere Information \u00fcber den baulichen Zustand, die Denkmalauflagen und die Belastungen durch die Wachsproduktion erst mal offen gelassen werden. W\u00fcnschenswert w\u00e4re eine Wohnnutzung f\u00fcr Studierende, die Hochschule ist von hier zu Fu\u00df oder mit dem Fahrrad in kurzer Zeit erreichbar. Das w\u00fcrde den Wohnungsmarkt Fuldas entlasten und die Hochschule st\u00e4rken. Meine Philosophie auf den Punkt gebracht: \u00e2\u20ac\u0161Gestalten statt reagieren\u00e2\u20ac\u02dc.\u201c<\/p>\n<p>Die GR\u00dcNEN kritisieren, dass in den vergangenen 12 Monaten nicht offen dar\u00fcber informiert wurde, \u201ewelche Nutzungen vor dem Hintergrund von Denkmalrecht, Schadstoffbelastung, L\u00e4rmimmissionen und verkehrlicher Infrastruktur m\u00f6glich sind und welche davon im Sinne einer zukunftsf\u00e4higen Stadtentwicklung w\u00fcnschenswert w\u00e4ren.\u201c Die GR\u00dcNE-Fraktion bef\u00fcrchtet, \u201ewie in der Vergangenheit leider \u00fcblich, demn\u00e4chst eine Bebauungsplan\u00e4nderung vorgelegt zu bekommen und faktisch nur zwei Optionen zu haben: Dieser zuzustimmen oder sie abzulehnen. \u2013 Das ist uns zu wenig Demokratie, Beteiligung und Gestaltung. Wir m\u00f6chten einen offenen gesellschaftlichen Diskurs \u00fcber die Zukunft dieses Gel\u00e4ndes f\u00fchren\u201c, so die GR\u00dcNEN abschlie\u00dfend.<\/p>\n","protected":false},"excerpt":{"rendered":"<div class=\"tmnf_excerpt\"><p>Fuldas GR\u00dcNE-Stadtfraktion bedauert, dass die Stadt Fulda die Chance nicht ergriffen hat, das Eika-Areal zu kaufen, um so diese sechs Hektar aktiv gestalten zu k\u00f6nnen. Die GR\u00dcNEN erinnern daran, dass ihr OB-Kandidat Ralf Zwengel bereits vor einem Jahr erkl\u00e4rte: \u201eEs ist sehr schade, dass mit der Stilllegung des Werkes \u00e2\u20ac\u0161An Vierzehnheiligen\u00e2\u20ac\u02dc zum 1. April 2015 &hellip;<\/p>\n<\/div>","protected":false},"author":1,"featured_media":0,"comment_status":"closed","ping_status":"closed","sticky":false,"template":"","format":"standard","meta":{"footnotes":""},"categories":[29],"tags":[],"class_list":["post-146919","post","type-post","status-publish","format-standard","hentry","category-politik"],"_links":{"self":[{"href":"https:\/\/www.fuldaernachrichten.de\/index.php?rest_route=\/wp\/v2\/posts\/146919","targetHints":{"allow":["GET"]}}],"collection":[{"href":"https:\/\/www.fuldaernachrichten.de\/index.php?rest_route=\/wp\/v2\/posts"}],"about":[{"href":"https:\/\/www.fuldaernachrichten.de\/index.php?rest_route=\/wp\/v2\/types\/post"}],"author":[{"embeddable":true,"href":"https:\/\/www.fuldaernachrichten.de\/index.php?rest_route=\/wp\/v2\/users\/1"}],"replies":[{"embeddable":true,"href":"https:\/\/www.fuldaernachrichten.de\/index.php?rest_route=%2Fwp%2Fv2%2Fcomments&post=146919"}],"version-history":[{"count":1,"href":"https:\/\/www.fuldaernachrichten.de\/index.php?rest_route=\/wp\/v2\/posts\/146919\/revisions"}],"predecessor-version":[{"id":146926,"href":"https:\/\/www.fuldaernachrichten.de\/index.php?rest_route=\/wp\/v2\/posts\/146919\/revisions\/146926"}],"wp:attachment":[{"href":"https:\/\/www.fuldaernachrichten.de\/index.php?rest_route=%2Fwp%2Fv2%2Fmedia&parent=146919"}],"wp:term":[{"taxonomy":"category","embeddable":true,"href":"https:\/\/www.fuldaernachrichten.de\/index.php?rest_route=%2Fwp%2Fv2%2Fcategories&post=146919"},{"taxonomy":"post_tag","embeddable":true,"href":"https:\/\/www.fuldaernachrichten.de\/index.php?rest_route=%2Fwp%2Fv2%2Ftags&post=146919"}],"curies":[{"name":"wp","href":"https:\/\/api.w.org\/{rel}","templated":true}]}}