{"id":146903,"date":"2016-01-06T19:03:14","date_gmt":"2016-01-06T18:03:14","guid":{"rendered":"http:\/\/www.fuldaer-nachrichten.de\/?p=146903"},"modified":"2016-01-06T19:03:14","modified_gmt":"2016-01-06T18:03:14","slug":"steuererklaerungen-fuer-die-einkommensteuer-2015-werden-ab-maerz-2016-bearbeitet","status":"publish","type":"post","link":"https:\/\/www.fuldaernachrichten.de\/?p=146903","title":{"rendered":"Steuererkl\u00e4rungen f\u00fcr die Einkommensteuer 2015 werden ab M\u00e4rz 2016 bearbeitet"},"content":{"rendered":"<p>Noch bis Ende Februar 2016 haben Arbeitgeber, Versicherungen und andere Institutionen Zeit, die f\u00fcr die Steuerberechnung ben\u00f6tigten Daten elektronisch an die Finanzverwaltung zu \u00fcbermitteln. Dazu z\u00e4hlen z.B. Lohnsteuerbescheinigungen, Beitragsdaten zur Kranken- und Pflegeversicherung und zur Altersvorsorge sowie Rentenbezugsmitteilungen. Dar\u00fcber hinaus stehen den Finanz\u00e4mtern die bundeseinheitlichen Programme zur Berechnung der Steuern erst im Verlauf des Februars eines Jahres zur Verf\u00fcgung. Ab M\u00e4rz k\u00f6nnen die Finanz\u00e4mter dann f\u00fcr die B\u00fcrgerinnen und B\u00fcrger mit der Bearbeitung der Steuererkl\u00e4rungen loslegen.<\/p>\n<p>Wir empfehlen Ihnen, die Steuererkl\u00e4rung elektronisch abzugeben. Dies hat viele Vorteile f\u00fcr Sie und die Finanz\u00e4mter. Weitere Informationen hierzu finden Sie unter www.elster.de.<\/p>\n<p>Auch in diesem Jahr werden Steuererkl\u00e4rungsvordrucke nicht mehr an die B\u00fcrgerinnen und B\u00fcrger versandt. Die Vordrucke stehen aber wie bisher auf den Internetseiten des Bundesfinanzministeriums (www.bundesfinanzministerium.d e unter Service\/Formulare) zum Download bereit. Sie k\u00f6nnen weiterhin auch im Finanzamt und in den meisten B\u00fcrgerb\u00fcros der St\u00e4dte und Gemeinden abgeholt werden. In begr\u00fcndeten Ausnahmef\u00e4llen \u2013 z.B. bei sehr eingeschr\u00e4nkter Mobilit\u00e4t \u2013 schicken die Finanz\u00e4mter den B\u00fcrgerinnen und B\u00fcrgern die Vordrucke auf telefonische Anfrage gerne auch zu.<\/p>\n<p>\u201eAllen B\u00fcrgerinnen und B\u00fcrgern, die ehrlich ihre Steuern zahlen, m\u00f6chte ich danke sagen\u201c, so Hessens Finanzminister Dr. Thomas Sch\u00e4fer, der auch f\u00fcr die vielen Angestellten in den Finanz\u00e4mtern lobende Worte findet: \u201eMein Dank gilt auch den Mitarbeiterinnen und Mitarbeitern der hessischen Steuerverwaltung. Sie haben im Jahr 2015 unter anderem rund 3,8 Millionen Steuererkl\u00e4rungen der Einkommensteuer bearbeitet. Eine Zahl, die zeigt: Sie leisten viel und Sie leisten wertvolle Arbeit. Seien Sie stolz auf sich!\u201c Die hessische Finanzverwaltung mit ihren 35 Standorten und circa 11.000 Mitarbeiterinnen und Mitarbeitern leistet einen wichtigen Beitrag, dass beispielsweise Schulen, Hochschulen und Krankenh\u00e4user gebaut und Projekte f\u00fcr den Umweltschutz realisiert werden k\u00f6nnen. Denn die erhobenen Steuergelder werden wieder in Bildung, Sicherheit, Wirtschaft und Soziales investiert und kommen damit den Menschen zugute.<\/p>\n","protected":false},"excerpt":{"rendered":"<div class=\"tmnf_excerpt\"><p>Noch bis Ende Februar 2016 haben Arbeitgeber, Versicherungen und andere Institutionen Zeit, die f\u00fcr die Steuerberechnung ben\u00f6tigten Daten elektronisch an die Finanzverwaltung zu \u00fcbermitteln. Dazu z\u00e4hlen z.B. Lohnsteuerbescheinigungen, Beitragsdaten zur Kranken- und Pflegeversicherung und zur Altersvorsorge sowie Rentenbezugsmitteilungen. Dar\u00fcber hinaus stehen den Finanz\u00e4mtern die bundeseinheitlichen Programme zur Berechnung der Steuern erst im Verlauf des Februars &hellip;<\/p>\n<\/div>","protected":false},"author":1,"featured_media":0,"comment_status":"closed","ping_status":"closed","sticky":false,"template":"","format":"standard","meta":{"footnotes":""},"categories":[1],"tags":[],"class_list":["post-146903","post","type-post","status-publish","format-standard","hentry","category-startseite"],"_links":{"self":[{"href":"https:\/\/www.fuldaernachrichten.de\/index.php?rest_route=\/wp\/v2\/posts\/146903","targetHints":{"allow":["GET"]}}],"collection":[{"href":"https:\/\/www.fuldaernachrichten.de\/index.php?rest_route=\/wp\/v2\/posts"}],"about":[{"href":"https:\/\/www.fuldaernachrichten.de\/index.php?rest_route=\/wp\/v2\/types\/post"}],"author":[{"embeddable":true,"href":"https:\/\/www.fuldaernachrichten.de\/index.php?rest_route=\/wp\/v2\/users\/1"}],"replies":[{"embeddable":true,"href":"https:\/\/www.fuldaernachrichten.de\/index.php?rest_route=%2Fwp%2Fv2%2Fcomments&post=146903"}],"version-history":[{"count":1,"href":"https:\/\/www.fuldaernachrichten.de\/index.php?rest_route=\/wp\/v2\/posts\/146903\/revisions"}],"predecessor-version":[{"id":146918,"href":"https:\/\/www.fuldaernachrichten.de\/index.php?rest_route=\/wp\/v2\/posts\/146903\/revisions\/146918"}],"wp:attachment":[{"href":"https:\/\/www.fuldaernachrichten.de\/index.php?rest_route=%2Fwp%2Fv2%2Fmedia&parent=146903"}],"wp:term":[{"taxonomy":"category","embeddable":true,"href":"https:\/\/www.fuldaernachrichten.de\/index.php?rest_route=%2Fwp%2Fv2%2Fcategories&post=146903"},{"taxonomy":"post_tag","embeddable":true,"href":"https:\/\/www.fuldaernachrichten.de\/index.php?rest_route=%2Fwp%2Fv2%2Ftags&post=146903"}],"curies":[{"name":"wp","href":"https:\/\/api.w.org\/{rel}","templated":true}]}}