{"id":146901,"date":"2016-01-06T19:02:15","date_gmt":"2016-01-06T18:02:15","guid":{"rendered":"http:\/\/www.fuldaer-nachrichten.de\/?p=146901"},"modified":"2016-01-06T19:02:15","modified_gmt":"2016-01-06T18:02:15","slug":"konzert-mit-dem-wuerzburger-blaeserquintett","status":"publish","type":"post","link":"https:\/\/www.fuldaernachrichten.de\/?p=146901","title":{"rendered":"Konzert mit dem W\u00fcrzburger Bl\u00e4serquintett"},"content":{"rendered":"<p>Die in Fulda \u00e4u\u00dferst selten zu h\u00f6rende Formation des klassischen Bl\u00e4serquintetts mit Querfl\u00f6te, Oboe, Klarinette, Horn und Fagott wird am Sonntag, 24. Januar 2016 um 18.00h in der Aula der Alten Universit\u00e4t in Fulda, Universit\u00e4tsstra\u00dfe 1, vom W\u00fcrzburger Bl\u00e4serquintett dargeboten mit Silke Augustinski (Oboe), Dominik Gruber (Horn), Hannah Liebler (Fl\u00f6te), Jochen Link (Klarinette) und Stefanie Rahm (Fagott). Das Quintett gr\u00fcndete sich 2014 an der Hochschule f\u00fcr Musik in W\u00fcrzburg. Die Ausf\u00fchrenden sind Diplommusikerinnen und \u2013musiker, die dar\u00fcber hinaus auch ihren Studiengang \u201eMaster of Music in Performance\u201c erfolgreich abgeschlossen und in zahlreichen Ensembles Orchester- und Kammermusikerfahrungen gesammelt haben. Es erklingen Werke von Beethoven, Haydn, Hindemith und Ibert. Karten zu diesem Konzert, das vom Kulturamt Fulda veranstaltet wird, sind im Vorverkauf in der Gesch\u00e4ftsstelle der Fuldaer Zeitung (Peterstor) erh\u00e4ltlich (\u00e2\u201a\u00ac 15, erm\u00e4\u00dfigt \u00e2\u201a\u00ac 12) sowie an der Abendkasse (\u00e2\u201a\u00ac 18\/ \u00e2\u201a\u00ac 15).<\/p>\n","protected":false},"excerpt":{"rendered":"<div class=\"tmnf_excerpt\"><p>Die in Fulda \u00e4u\u00dferst selten zu h\u00f6rende Formation des klassischen Bl\u00e4serquintetts mit Querfl\u00f6te, Oboe, Klarinette, Horn und Fagott wird am Sonntag, 24. Januar 2016 um 18.00h in der Aula der Alten Universit\u00e4t in Fulda, Universit\u00e4tsstra\u00dfe 1, vom W\u00fcrzburger Bl\u00e4serquintett dargeboten mit Silke Augustinski (Oboe), Dominik Gruber (Horn), Hannah Liebler (Fl\u00f6te), Jochen Link (Klarinette) und Stefanie &hellip;<\/p>\n<\/div>","protected":false},"author":1,"featured_media":0,"comment_status":"closed","ping_status":"closed","sticky":false,"template":"","format":"standard","meta":{"footnotes":""},"categories":[1],"tags":[],"class_list":["post-146901","post","type-post","status-publish","format-standard","hentry","category-startseite"],"_links":{"self":[{"href":"https:\/\/www.fuldaernachrichten.de\/index.php?rest_route=\/wp\/v2\/posts\/146901","targetHints":{"allow":["GET"]}}],"collection":[{"href":"https:\/\/www.fuldaernachrichten.de\/index.php?rest_route=\/wp\/v2\/posts"}],"about":[{"href":"https:\/\/www.fuldaernachrichten.de\/index.php?rest_route=\/wp\/v2\/types\/post"}],"author":[{"embeddable":true,"href":"https:\/\/www.fuldaernachrichten.de\/index.php?rest_route=\/wp\/v2\/users\/1"}],"replies":[{"embeddable":true,"href":"https:\/\/www.fuldaernachrichten.de\/index.php?rest_route=%2Fwp%2Fv2%2Fcomments&post=146901"}],"version-history":[{"count":1,"href":"https:\/\/www.fuldaernachrichten.de\/index.php?rest_route=\/wp\/v2\/posts\/146901\/revisions"}],"predecessor-version":[{"id":146906,"href":"https:\/\/www.fuldaernachrichten.de\/index.php?rest_route=\/wp\/v2\/posts\/146901\/revisions\/146906"}],"wp:attachment":[{"href":"https:\/\/www.fuldaernachrichten.de\/index.php?rest_route=%2Fwp%2Fv2%2Fmedia&parent=146901"}],"wp:term":[{"taxonomy":"category","embeddable":true,"href":"https:\/\/www.fuldaernachrichten.de\/index.php?rest_route=%2Fwp%2Fv2%2Fcategories&post=146901"},{"taxonomy":"post_tag","embeddable":true,"href":"https:\/\/www.fuldaernachrichten.de\/index.php?rest_route=%2Fwp%2Fv2%2Ftags&post=146901"}],"curies":[{"name":"wp","href":"https:\/\/api.w.org\/{rel}","templated":true}]}}