{"id":146896,"date":"2016-01-05T20:51:07","date_gmt":"2016-01-05T19:51:07","guid":{"rendered":"http:\/\/www.fuldaer-nachrichten.de\/?p=146896"},"modified":"2016-01-05T20:51:19","modified_gmt":"2016-01-05T19:51:19","slug":"abgabenbescheide-kommen-erst-anfang-maerz-stadtverordnetenversammlung-entscheidet-im-februar-ueber-grundsteuersenkung","status":"publish","type":"post","link":"https:\/\/www.fuldaernachrichten.de\/?p=146896","title":{"rendered":"Abgabenbescheide kommen erst Anfang M\u00e4rz Stadtverordnetenversammlung entscheidet im Februar \u00fcber Grundsteuersenkung"},"content":{"rendered":"<p>Wegen der Entscheidung durch die H\u00fcnfelder Stadtverordnetenversammlung \u00fcber die vom Magistrat vorgeschlagene Senkung der Grundsteuern werden die Grundbesitzabgabenbescheide der Stadt H\u00fcnfeld erst Anfang M\u00e4rz zugestellt werden k\u00f6nnen. Wie Erster Stadtrat Theo Fl\u00fcgel dazu mitteilt, wird die Stadtverordnetenversammlung am 24. Februar \u00fcber die Steuerhebes\u00e4tze entscheiden. Um zu vermeiden, anschlie\u00dfend alle Abgabenbescheide noch einmal korrigieren zu m\u00fcssen und zu viel gezahlte Steuern zur\u00fcckzuerstatten, sollen die Abgabenbescheide erst nach der Stadtverordnetenversammlung am 24. Februar erstellt werden.<\/p>\n<p>\u00dcblicherweise werden die Grundbesitzabgabenbescheide mit Grundsteuern A und B, Abfall- und anderen Geb\u00fchren bis Mitte Januar zugestellt mit einer F\u00e4lligkeit der ersten Rate\u00c2\u00a0 zum 15. Februar. Da die Stadtverordnetenversammlung \u00fcber den Haushalt und damit \u00fcber die vom Magistrat vorgeschlagene Grundsteuersenkung aber erst am 24. Februar abschlie\u00dfend entscheiden wird, m\u00fcssten dann rund 5.000 Abgabenbescheide korrigiert und verrechnet werden. Das soll durch die Verschiebung vermieden werden. Alle Grundst\u00fcckseigent\u00fcmer, die per Dauerauftrag oder Einzugserm\u00e4chtigung die Abgaben entrichten, brauchen zun\u00e4chst nicht t\u00e4tig zu werden. Bei diesen werden Gutschriften f\u00fcr die n\u00e4chsten F\u00e4lligkeitstermine erstellt oder entsprechend geringere Steuern eingezogen. Lediglich Grundst\u00fcckseigent\u00fcmer, die nach Aufforderung durch den Bescheid zahlen, wird es eine Ver\u00e4nderung geben, weil die Bescheide erst Anfang M\u00e4rz zugestellt werden und dann Anfang April erst die ersten Raten f\u00e4llig werden.<\/p>\n","protected":false},"excerpt":{"rendered":"<div class=\"tmnf_excerpt\"><p>Wegen der Entscheidung durch die H\u00fcnfelder Stadtverordnetenversammlung \u00fcber die vom Magistrat vorgeschlagene Senkung der Grundsteuern werden die Grundbesitzabgabenbescheide der Stadt H\u00fcnfeld erst Anfang M\u00e4rz zugestellt werden k\u00f6nnen. Wie Erster Stadtrat Theo Fl\u00fcgel dazu mitteilt, wird die Stadtverordnetenversammlung am 24. Februar \u00fcber die Steuerhebes\u00e4tze entscheiden. Um zu vermeiden, anschlie\u00dfend alle Abgabenbescheide noch einmal korrigieren zu m\u00fcssen &hellip;<\/p>\n<\/div>","protected":false},"author":1,"featured_media":0,"comment_status":"closed","ping_status":"closed","sticky":false,"template":"","format":"standard","meta":{"footnotes":""},"categories":[1],"tags":[],"class_list":["post-146896","post","type-post","status-publish","format-standard","hentry","category-startseite"],"_links":{"self":[{"href":"https:\/\/www.fuldaernachrichten.de\/index.php?rest_route=\/wp\/v2\/posts\/146896","targetHints":{"allow":["GET"]}}],"collection":[{"href":"https:\/\/www.fuldaernachrichten.de\/index.php?rest_route=\/wp\/v2\/posts"}],"about":[{"href":"https:\/\/www.fuldaernachrichten.de\/index.php?rest_route=\/wp\/v2\/types\/post"}],"author":[{"embeddable":true,"href":"https:\/\/www.fuldaernachrichten.de\/index.php?rest_route=\/wp\/v2\/users\/1"}],"replies":[{"embeddable":true,"href":"https:\/\/www.fuldaernachrichten.de\/index.php?rest_route=%2Fwp%2Fv2%2Fcomments&post=146896"}],"version-history":[{"count":1,"href":"https:\/\/www.fuldaernachrichten.de\/index.php?rest_route=\/wp\/v2\/posts\/146896\/revisions"}],"predecessor-version":[{"id":146900,"href":"https:\/\/www.fuldaernachrichten.de\/index.php?rest_route=\/wp\/v2\/posts\/146896\/revisions\/146900"}],"wp:attachment":[{"href":"https:\/\/www.fuldaernachrichten.de\/index.php?rest_route=%2Fwp%2Fv2%2Fmedia&parent=146896"}],"wp:term":[{"taxonomy":"category","embeddable":true,"href":"https:\/\/www.fuldaernachrichten.de\/index.php?rest_route=%2Fwp%2Fv2%2Fcategories&post=146896"},{"taxonomy":"post_tag","embeddable":true,"href":"https:\/\/www.fuldaernachrichten.de\/index.php?rest_route=%2Fwp%2Fv2%2Ftags&post=146896"}],"curies":[{"name":"wp","href":"https:\/\/api.w.org\/{rel}","templated":true}]}}