{"id":146890,"date":"2016-01-05T20:50:01","date_gmt":"2016-01-05T19:50:01","guid":{"rendered":"http:\/\/www.fuldaer-nachrichten.de\/?p=146890"},"modified":"2016-01-05T20:50:01","modified_gmt":"2016-01-05T19:50:01","slug":"bundesprogramm-demokratie-leben-viel-geld-fuer-viele-gute-projekte-im-kreis","status":"publish","type":"post","link":"https:\/\/www.fuldaernachrichten.de\/?p=146890","title":{"rendered":"Bundesprogramm \u201eDemokratie leben!\u201c \u2013 Viel Geld f\u00fcr viele gute Projekte im Kreis"},"content":{"rendered":"<p>Gute Nachrichten aus dem Bundesministerium f\u00fcr Familie, Senioren, Frauen und Jugend erreichten den Vogelsberger Jugenddezernenten Peter Zielinski zum Jahreswechsel: Auch im Jahr 2016 erh\u00e4lt der Vogelsbergkreis aus dem Bundesprogramm \u201eDemokratie leben! Aktiv gegen Rechtsextremismus, Gewalt und Menschenfeindlichkeit\u201c eine Zuwendung in H\u00f6he von mindestens 55.000 Euro. Zus\u00e4tzlich zu den Bundesmitteln hat das Land Hessen eine Kofinanzierung in H\u00f6he von 5.000 Euro zugesagt.<\/p>\n<p>\u201eMit diesem Geld soll die erfolgreiche Arbeit der \u00e2\u20ac\u0161Partnerschaft f\u00fcr Demokratie\u00e2\u20ac\u02dc \u2013 ein kreisweites Netzwerk unterschiedlichster Akteure aus Zivilgesellschaft, b\u00fcrgerschaftlichen Engagement, Politik und Verwaltung \u2013 weiter ausgebaut und Projekte zur F\u00f6rderung des demokratischen Zusammenlebens finanziert werden\u201c, freut sich der Erste Kreisbeigeordnete Peter Zielinski.<\/p>\n<p>In der Lokalen Partnerschaft f\u00fcr Demokratie gilt es insbesondere die bereits in den Vorg\u00e4ngerprogrammen \u201eVielfalt tut gut\u201c und \u201eToleranz f\u00f6rdern \u2013 Kompetenz st\u00e4rken\u201c formulierten Zielstellungen weiter auszubauen. Als nachhaltiges B\u00fcndnis hat sie den Auftrag, regional f\u00fcr Demokratie und gegen Rechtsextremismus, Gewalt und unterschiedliche Auspr\u00e4gungen gruppenbezogener Menschenfeindlichkeit beizutragen.<\/p>\n<p>Wie in den Vorjahren sind auch in 2016 Initiativen, B\u00fcndnisse, Vereine und zivilgesellschaftliche Zusammenschl\u00fcsse aufgefordert, Projektideen\u00c2\u00a0 z. B. zur St\u00e4rkung einer lebendigen, vielf\u00e4ltigen demokratischen Zivilgesellschaft vor Ort, zur Willkommenskultur f\u00fcr Fl\u00fcchtlinge, zur gesellschaftlichen Sensibilisierung in Bezug auf rechtsextreme, antisemitische oder rassistische Aktivit\u00e4ten, zum Abbau von Ressentiments und zur Verh\u00fctung von Gewalt, Hetze und Feindseligkeiten gegen\u00fcber Zuwanderern zu entwickeln. F\u00fcr solche Projekte k\u00f6nnen aus dem Aktionsfonds, der insgesamt 49.000 Euro beinhaltet,\u00c2\u00a0 Mittel beantragt werden.<\/p>\n<p>Besonderes Augenmerk richtet das Bundesministerium auf den Ausbau und die St\u00e4rkung der Jugendbeteiligung. Im vergangenen Jahr wurde daf\u00fcr ein Jugendfonds eingerichtet, aus dem 6.000 Euro zur eigenst\u00e4ndigen Verplanung zur Verf\u00fcgung stehen.<br \/>\n\u00dcber die Mittelvergabe aus dem Aktionsfonds entscheidet der Begleitausschuss \u201eDemokratie leben!\u201c, der am 15. Februar tagt.<\/p>\n<p>Die beim Vogelsbergkreis eingerichtete Fach- und Koordinierungsstelle f\u00fcr Demokratie ber\u00e4t alle Projektinteressenten und steht gleichzeitig als lokales Fr\u00fchwarnsystem f\u00fcr das Auftreten rechtsextremer und menschenfeindlicher Tendenzen im Vogelsbergkreis zur Verf\u00fcgung.<\/p>\n","protected":false},"excerpt":{"rendered":"<div class=\"tmnf_excerpt\"><p>Gute Nachrichten aus dem Bundesministerium f\u00fcr Familie, Senioren, Frauen und Jugend erreichten den Vogelsberger Jugenddezernenten Peter Zielinski zum Jahreswechsel: Auch im Jahr 2016 erh\u00e4lt der Vogelsbergkreis aus dem Bundesprogramm \u201eDemokratie leben! Aktiv gegen Rechtsextremismus, Gewalt und Menschenfeindlichkeit\u201c eine Zuwendung in H\u00f6he von mindestens 55.000 Euro. Zus\u00e4tzlich zu den Bundesmitteln hat das Land Hessen eine Kofinanzierung &hellip;<\/p>\n<\/div>","protected":false},"author":1,"featured_media":146892,"comment_status":"closed","ping_status":"closed","sticky":false,"template":"","format":"standard","meta":{"footnotes":""},"categories":[1],"tags":[],"class_list":["post-146890","post","type-post","status-publish","format-standard","has-post-thumbnail","hentry","category-startseite"],"_links":{"self":[{"href":"https:\/\/www.fuldaernachrichten.de\/index.php?rest_route=\/wp\/v2\/posts\/146890","targetHints":{"allow":["GET"]}}],"collection":[{"href":"https:\/\/www.fuldaernachrichten.de\/index.php?rest_route=\/wp\/v2\/posts"}],"about":[{"href":"https:\/\/www.fuldaernachrichten.de\/index.php?rest_route=\/wp\/v2\/types\/post"}],"author":[{"embeddable":true,"href":"https:\/\/www.fuldaernachrichten.de\/index.php?rest_route=\/wp\/v2\/users\/1"}],"replies":[{"embeddable":true,"href":"https:\/\/www.fuldaernachrichten.de\/index.php?rest_route=%2Fwp%2Fv2%2Fcomments&post=146890"}],"version-history":[{"count":1,"href":"https:\/\/www.fuldaernachrichten.de\/index.php?rest_route=\/wp\/v2\/posts\/146890\/revisions"}],"predecessor-version":[{"id":146893,"href":"https:\/\/www.fuldaernachrichten.de\/index.php?rest_route=\/wp\/v2\/posts\/146890\/revisions\/146893"}],"wp:featuredmedia":[{"embeddable":true,"href":"https:\/\/www.fuldaernachrichten.de\/index.php?rest_route=\/wp\/v2\/media\/146892"}],"wp:attachment":[{"href":"https:\/\/www.fuldaernachrichten.de\/index.php?rest_route=%2Fwp%2Fv2%2Fmedia&parent=146890"}],"wp:term":[{"taxonomy":"category","embeddable":true,"href":"https:\/\/www.fuldaernachrichten.de\/index.php?rest_route=%2Fwp%2Fv2%2Fcategories&post=146890"},{"taxonomy":"post_tag","embeddable":true,"href":"https:\/\/www.fuldaernachrichten.de\/index.php?rest_route=%2Fwp%2Fv2%2Ftags&post=146890"}],"curies":[{"name":"wp","href":"https:\/\/api.w.org\/{rel}","templated":true}]}}