{"id":146888,"date":"2016-01-05T20:50:23","date_gmt":"2016-01-05T19:50:23","guid":{"rendered":"http:\/\/www.fuldaer-nachrichten.de\/?p=146888"},"modified":"2016-01-05T20:50:23","modified_gmt":"2016-01-05T19:50:23","slug":"goldener-meisterbrief-an-dieter-schaefer","status":"publish","type":"post","link":"https:\/\/www.fuldaernachrichten.de\/?p=146888","title":{"rendered":"Goldener Meisterbrief an Dieter Sch\u00e4fer"},"content":{"rendered":"<p>Vor 50 Jahren legte Dieter Sch\u00e4fer seine Meisterpr\u00fcfung im Kfz-Mechaniker-Handwerk ab. Aus diesem Anlass hatte die Firma Auto-Dienst Sch\u00e4fer in Neuhof zu einem Empfang in die Gesch\u00e4ftsr\u00e4ume geladen. Firmenchef Christoph Sch\u00e4fer erinnerte dabei an die fr\u00fchen Jahre der Unternehmensgr\u00fcndung und an den hohen pers\u00f6nlichen Einsatz seines Vaters. Auch heute noch z\u00e4hle er mit seiner Erfahrung und seinem Wissen zu den St\u00fctzen des Betriebes, so\u00c2\u00a0 Christoph Sch\u00e4fer.<\/p>\n<p>Dieter Sch\u00e4fer selbst blickte auf die Zeit seiner Meisterpr\u00fcfung zur\u00fcck. Mit tatkr\u00e4ftiger Unterst\u00fctzung seiner Ehefrau Erika habe er die Herausforderung zum Erwerb des Meister-titels vor 50 Jahren angenommen und erfolgreich bestanden.<br \/>\nF\u00fcr die Kreishandwerkerschaft und die Innung des Kraftfahrzeuggewerbes Fulda gratulierte Gesch\u00e4ftsf\u00fchrer Dietmar Weidenb\u00f6rner. Er hob dabei Sch\u00e4fers berufliches Lebenswerk hervor und sagte, dass von dem Goldenen Meisterjubilar sicher viele wertvolle Impulse f\u00fcr die weitere Entwicklung des Autodienstes Sch\u00e4fer in Neuhof ausgingen. Auch die Dekra-Niederlassung Fulda sowie Autoteile Ruhl aus Petersberg \u00fcberbrachten ihre Gl\u00fcckw\u00fcnsche. Mit einer kleinen Feier f\u00fcr Mitarbeiter, Freunde und Gesch\u00e4ftspartner endete der Empfang.<\/p>\n<p>BU:\u00e2\u20ac\u00a8von l.: Dietmar Weidenb\u00f6rner, Dieter Sch\u00e4fer, Christoph Sch\u00e4fer<\/p>\n","protected":false},"excerpt":{"rendered":"<div class=\"tmnf_excerpt\"><p>Vor 50 Jahren legte Dieter Sch\u00e4fer seine Meisterpr\u00fcfung im Kfz-Mechaniker-Handwerk ab. Aus diesem Anlass hatte die Firma Auto-Dienst Sch\u00e4fer in Neuhof zu einem Empfang in die Gesch\u00e4ftsr\u00e4ume geladen. Firmenchef Christoph Sch\u00e4fer erinnerte dabei an die fr\u00fchen Jahre der Unternehmensgr\u00fcndung und an den hohen pers\u00f6nlichen Einsatz seines Vaters. Auch heute noch z\u00e4hle er mit seiner Erfahrung &hellip;<\/p>\n<\/div>","protected":false},"author":1,"featured_media":146889,"comment_status":"closed","ping_status":"closed","sticky":false,"template":"","format":"standard","meta":{"footnotes":""},"categories":[1],"tags":[],"class_list":["post-146888","post","type-post","status-publish","format-standard","has-post-thumbnail","hentry","category-startseite"],"_links":{"self":[{"href":"https:\/\/www.fuldaernachrichten.de\/index.php?rest_route=\/wp\/v2\/posts\/146888","targetHints":{"allow":["GET"]}}],"collection":[{"href":"https:\/\/www.fuldaernachrichten.de\/index.php?rest_route=\/wp\/v2\/posts"}],"about":[{"href":"https:\/\/www.fuldaernachrichten.de\/index.php?rest_route=\/wp\/v2\/types\/post"}],"author":[{"embeddable":true,"href":"https:\/\/www.fuldaernachrichten.de\/index.php?rest_route=\/wp\/v2\/users\/1"}],"replies":[{"embeddable":true,"href":"https:\/\/www.fuldaernachrichten.de\/index.php?rest_route=%2Fwp%2Fv2%2Fcomments&post=146888"}],"version-history":[{"count":1,"href":"https:\/\/www.fuldaernachrichten.de\/index.php?rest_route=\/wp\/v2\/posts\/146888\/revisions"}],"predecessor-version":[{"id":146897,"href":"https:\/\/www.fuldaernachrichten.de\/index.php?rest_route=\/wp\/v2\/posts\/146888\/revisions\/146897"}],"wp:featuredmedia":[{"embeddable":true,"href":"https:\/\/www.fuldaernachrichten.de\/index.php?rest_route=\/wp\/v2\/media\/146889"}],"wp:attachment":[{"href":"https:\/\/www.fuldaernachrichten.de\/index.php?rest_route=%2Fwp%2Fv2%2Fmedia&parent=146888"}],"wp:term":[{"taxonomy":"category","embeddable":true,"href":"https:\/\/www.fuldaernachrichten.de\/index.php?rest_route=%2Fwp%2Fv2%2Fcategories&post=146888"},{"taxonomy":"post_tag","embeddable":true,"href":"https:\/\/www.fuldaernachrichten.de\/index.php?rest_route=%2Fwp%2Fv2%2Ftags&post=146888"}],"curies":[{"name":"wp","href":"https:\/\/api.w.org\/{rel}","templated":true}]}}