{"id":146881,"date":"2016-01-04T23:56:06","date_gmt":"2016-01-04T22:56:06","guid":{"rendered":"http:\/\/www.fuldaer-nachrichten.de\/?p=146881"},"modified":"2016-01-04T23:56:06","modified_gmt":"2016-01-04T22:56:06","slug":"vielfaeltige-einblicke-in-produktion-der-zement-und-kalkwerke-otterbein","status":"publish","type":"post","link":"https:\/\/www.fuldaernachrichten.de\/?p=146881","title":{"rendered":"Vielf\u00e4ltige Einblicke in Produktion der Zement- und Kalkwerke Otterbein"},"content":{"rendered":"<p>Vom Rundgang \u00fcber das Firmengel\u00e4nde bis zum Besuch des Labors und der Produktgewinnung &#8211; 32 Sch\u00fcler der Agrarwirtschaft des Landesbetriebs Landwirtschaft Hessen waren k\u00fcrzlich zu Besuch bei den Zement- und Kalkwerke Otterbein in M\u00fcs. Nicht nur die \u00fcber 125-j\u00e4hrige Unternehmensgeschichte &#8211; in einem Vortrag von Gesch\u00e4ftsf\u00fchrer Winfried M\u00fcller pr\u00e4sentiert \u2013 hinterlie\u00df anregenden Gespr\u00e4chsstoff bei den zuk\u00fcnftigen Agrartechnikern: Insbesondere interessierte sich die Gruppe f\u00fcr das Thema \u201eD\u00fcngekalk\u201c.<br \/>\nHierzu erl\u00e4uterte Martin Feu\u00dfner, zust\u00e4ndig f\u00fcr Vertrieb und Produktberatung im Bereich\u00c2\u00a0 Naturkalke Agrarwirtschaft und Umweltschutz,\u00c2\u00a0 vielf\u00e4ltige Details , u. a. zum neuen Premium-Kalkd\u00fcnger\u00c2\u00a0 Dolocal. Dieser leicht umsetzbare Kalkd\u00fcnger wird aus einem besonders weichen mittleren Muschelkalk hergestellt und weist daher eine hohe Reaktivit\u00e4t und eine effiziente D\u00fcngewirkung auf.<br \/>\nDie F\u00fchrung \u00fcber das Betriebsgel\u00e4nde \u00fcbernahm Produktionsleiter Klaus Kulozik.<br \/>\nDie Gruppe, die von Schulleiter Martin Grenzebach sowie den Kollegen Harry Schelle und Phillip H\u00fctsch begleitet wurde, hatte die M\u00f6glichkeit, Sprengarbeiten im Steinbruch zu beobachten, die Abl\u00e4ufe und Anlagen in der Zement-, Kalk- und M\u00f6rtelproduktion zu besichtigen und die breite Produktpalette sowie verschiedene chemische Analysen zur Qualit\u00e4ts\u00fcberwachung im Werkslabor n\u00e4her kennenzulernen.<\/p>\n<p>BU: Fachsch\u00fcler der Agrarwirtschaft des Landesbetriebs Landwirtschaft Hessen zu Besuch in den Zement- und Kalkwerken Otterbein.<\/p>\n","protected":false},"excerpt":{"rendered":"<div class=\"tmnf_excerpt\"><p>Vom Rundgang \u00fcber das Firmengel\u00e4nde bis zum Besuch des Labors und der Produktgewinnung &#8211; 32 Sch\u00fcler der Agrarwirtschaft des Landesbetriebs Landwirtschaft Hessen waren k\u00fcrzlich zu Besuch bei den Zement- und Kalkwerke Otterbein in M\u00fcs. Nicht nur die \u00fcber 125-j\u00e4hrige Unternehmensgeschichte &#8211; in einem Vortrag von Gesch\u00e4ftsf\u00fchrer Winfried M\u00fcller pr\u00e4sentiert \u2013 hinterlie\u00df anregenden Gespr\u00e4chsstoff bei den &hellip;<\/p>\n<\/div>","protected":false},"author":1,"featured_media":146884,"comment_status":"closed","ping_status":"closed","sticky":false,"template":"","format":"standard","meta":{"footnotes":""},"categories":[1],"tags":[],"class_list":["post-146881","post","type-post","status-publish","format-standard","has-post-thumbnail","hentry","category-startseite"],"_links":{"self":[{"href":"https:\/\/www.fuldaernachrichten.de\/index.php?rest_route=\/wp\/v2\/posts\/146881","targetHints":{"allow":["GET"]}}],"collection":[{"href":"https:\/\/www.fuldaernachrichten.de\/index.php?rest_route=\/wp\/v2\/posts"}],"about":[{"href":"https:\/\/www.fuldaernachrichten.de\/index.php?rest_route=\/wp\/v2\/types\/post"}],"author":[{"embeddable":true,"href":"https:\/\/www.fuldaernachrichten.de\/index.php?rest_route=\/wp\/v2\/users\/1"}],"replies":[{"embeddable":true,"href":"https:\/\/www.fuldaernachrichten.de\/index.php?rest_route=%2Fwp%2Fv2%2Fcomments&post=146881"}],"version-history":[{"count":1,"href":"https:\/\/www.fuldaernachrichten.de\/index.php?rest_route=\/wp\/v2\/posts\/146881\/revisions"}],"predecessor-version":[{"id":146887,"href":"https:\/\/www.fuldaernachrichten.de\/index.php?rest_route=\/wp\/v2\/posts\/146881\/revisions\/146887"}],"wp:featuredmedia":[{"embeddable":true,"href":"https:\/\/www.fuldaernachrichten.de\/index.php?rest_route=\/wp\/v2\/media\/146884"}],"wp:attachment":[{"href":"https:\/\/www.fuldaernachrichten.de\/index.php?rest_route=%2Fwp%2Fv2%2Fmedia&parent=146881"}],"wp:term":[{"taxonomy":"category","embeddable":true,"href":"https:\/\/www.fuldaernachrichten.de\/index.php?rest_route=%2Fwp%2Fv2%2Fcategories&post=146881"},{"taxonomy":"post_tag","embeddable":true,"href":"https:\/\/www.fuldaernachrichten.de\/index.php?rest_route=%2Fwp%2Fv2%2Ftags&post=146881"}],"curies":[{"name":"wp","href":"https:\/\/api.w.org\/{rel}","templated":true}]}}