{"id":146876,"date":"2016-01-04T23:53:51","date_gmt":"2016-01-04T22:53:51","guid":{"rendered":"http:\/\/www.fuldaer-nachrichten.de\/?p=146876"},"modified":"2016-01-04T23:53:51","modified_gmt":"2016-01-04T22:53:51","slug":"faschingsbasar-in-der-muetze","status":"publish","type":"post","link":"https:\/\/www.fuldaernachrichten.de\/?p=146876","title":{"rendered":"Faschingsbasar in \u201eDer M\u00dcTZE\u201c"},"content":{"rendered":"<p>Der F\u00f6rderverein der Bildungs- und Begegnungsst\u00e4tte M\u00fctterzentrum Fulda e. V. veranstaltet am Samstag, 16.01.2016 in der Zeit von 14.00 \u2013 16.00 Uhr einen Faschingsbasar in \u201eDer M\u00dcTZE\u201c, Gallasiniring 8, in Fulda.<br \/>\nAngeboten werden gut erhaltene, neuwertige Kost\u00fcme, Verkleidungen und Zubeh\u00f6r f\u00fcr Kinder und Erwachsene. F\u00fcr das leibliche Wohl ist mit Kaffee und Kuchen gesorgt.<br \/>\nWeitere Informationen und Nummern unter Tel. 0661\/8050, Mo. \u2013 Fr. in der Zeit von 9.00 \u2013 12.30 Uhr.<\/p>\n","protected":false},"excerpt":{"rendered":"<div class=\"tmnf_excerpt\"><p>Der F\u00f6rderverein der Bildungs- und Begegnungsst\u00e4tte M\u00fctterzentrum Fulda e. V. veranstaltet am Samstag, 16.01.2016 in der Zeit von 14.00 \u2013 16.00 Uhr einen Faschingsbasar in \u201eDer M\u00dcTZE\u201c, Gallasiniring 8, in Fulda. Angeboten werden gut erhaltene, neuwertige Kost\u00fcme, Verkleidungen und Zubeh\u00f6r f\u00fcr Kinder und Erwachsene. F\u00fcr das leibliche Wohl ist mit Kaffee und Kuchen gesorgt. Weitere &hellip;<\/p>\n<\/div>","protected":false},"author":1,"featured_media":0,"comment_status":"closed","ping_status":"closed","sticky":false,"template":"","format":"standard","meta":{"footnotes":""},"categories":[1],"tags":[],"class_list":["post-146876","post","type-post","status-publish","format-standard","hentry","category-startseite"],"_links":{"self":[{"href":"https:\/\/www.fuldaernachrichten.de\/index.php?rest_route=\/wp\/v2\/posts\/146876","targetHints":{"allow":["GET"]}}],"collection":[{"href":"https:\/\/www.fuldaernachrichten.de\/index.php?rest_route=\/wp\/v2\/posts"}],"about":[{"href":"https:\/\/www.fuldaernachrichten.de\/index.php?rest_route=\/wp\/v2\/types\/post"}],"author":[{"embeddable":true,"href":"https:\/\/www.fuldaernachrichten.de\/index.php?rest_route=\/wp\/v2\/users\/1"}],"replies":[{"embeddable":true,"href":"https:\/\/www.fuldaernachrichten.de\/index.php?rest_route=%2Fwp%2Fv2%2Fcomments&post=146876"}],"version-history":[{"count":1,"href":"https:\/\/www.fuldaernachrichten.de\/index.php?rest_route=\/wp\/v2\/posts\/146876\/revisions"}],"predecessor-version":[{"id":146882,"href":"https:\/\/www.fuldaernachrichten.de\/index.php?rest_route=\/wp\/v2\/posts\/146876\/revisions\/146882"}],"wp:attachment":[{"href":"https:\/\/www.fuldaernachrichten.de\/index.php?rest_route=%2Fwp%2Fv2%2Fmedia&parent=146876"}],"wp:term":[{"taxonomy":"category","embeddable":true,"href":"https:\/\/www.fuldaernachrichten.de\/index.php?rest_route=%2Fwp%2Fv2%2Fcategories&post=146876"},{"taxonomy":"post_tag","embeddable":true,"href":"https:\/\/www.fuldaernachrichten.de\/index.php?rest_route=%2Fwp%2Fv2%2Ftags&post=146876"}],"curies":[{"name":"wp","href":"https:\/\/api.w.org\/{rel}","templated":true}]}}