{"id":146869,"date":"2016-01-04T23:53:33","date_gmt":"2016-01-04T22:53:33","guid":{"rendered":"http:\/\/www.fuldaer-nachrichten.de\/?p=146869"},"modified":"2016-01-04T23:53:33","modified_gmt":"2016-01-04T22:53:33","slug":"weniger-egoismus-im-strassenverkehr-gleich-mehr-verkehrssicherheit","status":"publish","type":"post","link":"https:\/\/www.fuldaernachrichten.de\/?p=146869","title":{"rendered":"Weniger Egoismus im Stra\u00dfenverkehr  &#8211; gleich mehr Verkehrssicherheit!"},"content":{"rendered":"<p>Vorbildliches und r\u00fccksichtsvolles Verhalten bescheinigte der Vorsitzende der Kreisverkehrswacht Fulda, Gerhard Brink, drei Pkw-Fahrerinnen und zwei Pkw-Fahrern, die zusammen 210 Jahre f\u00fcr verkehrssicheres und unfallfreies Fahren geehrt wurden.<br \/>\nEinmal waren es drei\u00dfig, zweimal vierzig und zweimal sogar 50 Jahre.<\/p>\n<p>\u201eF\u00fchlen Sie sich zum Autofahren zu alt?\u201c fragte der Vorsitzende provozierend die zu Ehrenden.<br \/>\nAlle schauten irritiert, was diese Frage wohl soll und erkl\u00e4rten einstimmig: Autofahren ist f\u00fcr uns zu einer Selbstverst\u00e4ndlichkeit geworden, das Fahren macht uns Spa\u00df und nur dadurch bleiben wir mobil.<br \/>\n\u201eIch fahre noch t\u00e4glich mit dem Auto, mir macht das Autofahrern immer noch viel Spa\u00df, ohne F\u00fchrerschein w\u00e4re ich nicht mehr so mobil. Ich k\u00f6nnte mich nicht mehr so frei und spontan bewegen\u201c, sagte der 82j\u00e4hrige Johann Lins aus Fulda, der seit 1955 Auto f\u00e4hrt.<br \/>\nAuch Mathilde Arnold aus Petersberg-Marbach, best\u00e4tigte dies und f\u00fcgte hinzu, \u201enachts oder bei Eis und Schnee, lasse ich mein Auto stehen, dies ist mir dann zu gef\u00e4hrlich!<br \/>\nIch bin zwar \u00e4lter geworden, aber noch lange nicht zu alt um Auto fahren zu k\u00f6nnen!\u201c<\/p>\n<p>\u201eR\u00fccksichtnahme und Umsicht waren und sind f\u00fcr mich wichtige Verhaltensregeln, und Garant f\u00fcr ein m\u00f6glichst langes unfallfreies Fahren\u201c, erg\u00e4nzte Johann Lins, der jahrzehntelang Touristen mit dem Bus durch Europa fuhr. \u201eIn Paris wurde es mit dem gro\u00dfen Reisebus schon manchmal eng, aber in Rom ging es manchmal um Zentimeter, um unfallfrei zu fahren. Viel Freude hat mir auch die Zeit am N\u00fcrburgring gebracht, als ich noch Rennen gefahren bin, aber das ist lange her!\u201c Daneben war er auch mit dem Lkw in Westeuropa unterwegs.<\/p>\n<p>Gerhard Brink betonte in seiner Laudatio, dass die f\u00fcnf zu Ehrenden privat und beruflich zusammen schon fast zehn Millionen Kilometer zur\u00fcckgelegt haben. Davon Herr Lins alleine schon mehrere Millionen Kilometer.<br \/>\nMit dieser Kilometerzahl h\u00e4tten sie alle die Erde rund 250 Mal umrunden k\u00f6nnen; eine erw\u00e4hnenswerte Leistung.<br \/>\n\u201eWir ehren heute f\u00fcnf bew\u00e4hrte Kraftfahrerinnen und Kraftfahrer als Vorbild f\u00fcr viele andere sich vorbildlich verhaltende Fahrer und Fahrerinnen im Landkreis Fulda!\u201c<br \/>\nGerhard Brink begl\u00fcckw\u00fcnschte die f\u00fcnf auch im Namen der Deutschen Verkehrswacht und \u00fcberreichte jedem eine Ehrenurkunde mit Abzeichen und verband seine Gl\u00fcckw\u00fcnsche mit dem Hinweis an jeden Geehrten, dass jeder mit der Ehrung die Verpflichtung \u00fcbernimmt, auch weiterhin durch vorausschauendes, partnerschaftliches und hilfsbereites Verhalten im Stra\u00dfenverkehr, Anderen ein Vorbild zu sein.<\/p>\n<p>Es wurden geehrt:<\/p>\n<p>F\u00fcr 50 Jahre: \u00c2\u00a0\u00c2\u00a0 \u00c2\u00a0Mathilde Arnold aus Petersberg-Marbach<br \/>\nJohann Lins aus Fulda-Aschenberg<\/p>\n<p>F\u00fcr 40 Jahre:\u00c2\u00a0\u00c2\u00a0 \u00c2\u00a0\u00c2\u00a0\u00c2\u00a0 \u00c2\u00a0Renate Kasimir aus Neuhof<br \/>\nHubert Bohl aus Fulda-Bronnzell<\/p>\n<p>F\u00fcr 30 Jahre:\u00c2\u00a0\u00c2\u00a0 \u00c2\u00a0\u00c2\u00a0\u00c2\u00a0 \u00c2\u00a0Karin Gemming aus Fulda-Niederrode<br \/>\nSeite 1 von 2<\/p>\n<p>Bei seinem Gespr\u00e4ch mit den zu Ehrenden ging der Vorsitzende auch auf den hohen Stellenwert der Mobilit\u00e4t, gerade bei \u00e4lteren Verkehrsteilnehmern ein. Mobilit\u00e4t kennt keine Altersgrenzen, mobil sein ist ein St\u00fcck Lebensqualit\u00e4t.<br \/>\nGerhard Brink wandte sich entschieden gegen die Tendenz, jede Altersgruppe in ein vorgegebenes Schema zu pressen und zu sagen, ab siebzig ist man zu alt zum Autofahren und sollte den F\u00fchrerschein freiwillig abgeben.<br \/>\nJeder Verkehrsteilnehmer und somit auch jeder \u00e4ltere Mensch hat sein ganz pers\u00f6nliches, sein individuelles Unfallrisiko, das er mit gezielten Ma\u00dfnahmen reduzieren, in einigen Bereichen sogar ausgleichen kann.<br \/>\nDeshalb muss sich jeder \u00e4ltere Fahrer, jede Fahrerin, st\u00e4ndig kritisch beobachten und sein \/ ihr Verhalten reflektieren, um m\u00f6gliche Defizite beim Autofahren fr\u00fchzeitig zu erkennen und Gegenma\u00dfnahmen zu ergreifen.<br \/>\nF\u00fcr die Geeignetheit, auch im Alter selbst\u00e4ndig am Stra\u00dfenverkehr als Pkw-Fahrer oder Fahrerin teilzunehmen, gibt es immer nur eine pers\u00f6nliche individuelle Altersgrenze!<br \/>\nAls Gefahr f\u00fcr die Selbsteinsch\u00e4tzung bezeichnete Brink den langsam fortschreitenden Alterungsprozess, der f\u00fcr den Betroffenen selbst kaum merkbar, aber f\u00fcr andere umso deutlicher wahrnehmbar abl\u00e4uft.<br \/>\nJeder ist f\u00fcr seine pers\u00f6nliche Verkehrstauglichkeit selbst verantwortlich. Hier kann und muss jeder kritisch seine eigene Gesundheit analysieren und die angebotenen Gesundheitschecks nutzen, sei es beim Augenarzt oder beim Hausarzt.<br \/>\nDie j\u00e4hrliche \u00dcberpr\u00fcfung der Sehf\u00e4higkeit muss zu einer Selbstverst\u00e4ndlichkeit werden.<br \/>\nKarin Gemming fand die Arbeit der Kreisverkehrswacht so wichtig und interessant, dass sie gleich nach der Ehrung Mitglied in der Kreisverkehrswacht Fulda wurde.<br \/>\nDies sah der Vorsitzende gerne auch als Best\u00e4tigung seiner Arbeit an!<\/p>\n<p>Antragsunterlagen f\u00fcr die Auszeichnung als \u201eBew\u00e4hrter Kraftfahrer\u201c f\u00fcr 10- bis 50 oder sogar 60j\u00e4hriges unfallfreies, r\u00fccksichtsvolles Verhalten im Stra\u00dfenverkehr, erhalten interessierte Leser, die sich oder Angeh\u00f6rige ehren lassen wollen, bei der Kreisverkehrswacht Fulda, Frankfurter Stra\u00dfe 125, 36043 Fulda.<br \/>\n\u00d6ffnungszeiten: jeweils donnerstags in der Zeit von 14:00 \u2013 17:00 Uhr.<br \/>\nTelefonnummer: 0661 \/ 9450-268 oder direkt beim Vorsitzenden Gerhard Brink Tel.:\u00c2\u00a0\u00c2\u00a0 0661 \/ 44 92 4.<br \/>\nSeniorengruppen, die Interesse an einer Informationsveranstaltung \u201eGeneration 50 Plus\u201c zum Thema: \u201eSicher mobil auch im Alter\u201c haben, k\u00f6nnen sich ebenfalls an die Kreisverkehrswacht Fulda wenden.<\/p>\n","protected":false},"excerpt":{"rendered":"<div class=\"tmnf_excerpt\"><p>Vorbildliches und r\u00fccksichtsvolles Verhalten bescheinigte der Vorsitzende der Kreisverkehrswacht Fulda, Gerhard Brink, drei Pkw-Fahrerinnen und zwei Pkw-Fahrern, die zusammen 210 Jahre f\u00fcr verkehrssicheres und unfallfreies Fahren geehrt wurden. Einmal waren es drei\u00dfig, zweimal vierzig und zweimal sogar 50 Jahre. \u201eF\u00fchlen Sie sich zum Autofahren zu alt?\u201c fragte der Vorsitzende provozierend die zu Ehrenden. Alle schauten &hellip;<\/p>\n<\/div>","protected":false},"author":1,"featured_media":146874,"comment_status":"closed","ping_status":"closed","sticky":false,"template":"","format":"standard","meta":{"footnotes":""},"categories":[1],"tags":[],"class_list":["post-146869","post","type-post","status-publish","format-standard","has-post-thumbnail","hentry","category-startseite"],"_links":{"self":[{"href":"https:\/\/www.fuldaernachrichten.de\/index.php?rest_route=\/wp\/v2\/posts\/146869","targetHints":{"allow":["GET"]}}],"collection":[{"href":"https:\/\/www.fuldaernachrichten.de\/index.php?rest_route=\/wp\/v2\/posts"}],"about":[{"href":"https:\/\/www.fuldaernachrichten.de\/index.php?rest_route=\/wp\/v2\/types\/post"}],"author":[{"embeddable":true,"href":"https:\/\/www.fuldaernachrichten.de\/index.php?rest_route=\/wp\/v2\/users\/1"}],"replies":[{"embeddable":true,"href":"https:\/\/www.fuldaernachrichten.de\/index.php?rest_route=%2Fwp%2Fv2%2Fcomments&post=146869"}],"version-history":[{"count":1,"href":"https:\/\/www.fuldaernachrichten.de\/index.php?rest_route=\/wp\/v2\/posts\/146869\/revisions"}],"predecessor-version":[{"id":146878,"href":"https:\/\/www.fuldaernachrichten.de\/index.php?rest_route=\/wp\/v2\/posts\/146869\/revisions\/146878"}],"wp:featuredmedia":[{"embeddable":true,"href":"https:\/\/www.fuldaernachrichten.de\/index.php?rest_route=\/wp\/v2\/media\/146874"}],"wp:attachment":[{"href":"https:\/\/www.fuldaernachrichten.de\/index.php?rest_route=%2Fwp%2Fv2%2Fmedia&parent=146869"}],"wp:term":[{"taxonomy":"category","embeddable":true,"href":"https:\/\/www.fuldaernachrichten.de\/index.php?rest_route=%2Fwp%2Fv2%2Fcategories&post=146869"},{"taxonomy":"post_tag","embeddable":true,"href":"https:\/\/www.fuldaernachrichten.de\/index.php?rest_route=%2Fwp%2Fv2%2Ftags&post=146869"}],"curies":[{"name":"wp","href":"https:\/\/api.w.org\/{rel}","templated":true}]}}