{"id":146868,"date":"2016-01-04T23:53:29","date_gmt":"2016-01-04T22:53:29","guid":{"rendered":"http:\/\/www.fuldaer-nachrichten.de\/?p=146868"},"modified":"2016-01-04T23:53:29","modified_gmt":"2016-01-04T22:53:29","slug":"sechs-junge-leute-beginnen-im-sommer-ihre-ausbildung-bei-der-kreisverwaltung","status":"publish","type":"post","link":"https:\/\/www.fuldaernachrichten.de\/?p=146868","title":{"rendered":"Sechs junge Leute beginnen im Sommer ihre Ausbildung bei der Kreisverwaltung"},"content":{"rendered":"<p>Sechs junge Leute beginnen im Sommer ihre Ausbildung bei der Kreisverwaltung und waren zur Unterzeichnung ihres Ausbildungsvertrages in den Sitzungssaal des Landratsamtes nach Lauterbach gekommen. Landrat Manfred G\u00f6rig hie\u00df die neuen Auszubildenden und deren Eltern herzlich willkommen. \u201eIch freue mich, dass Sie sich bei uns zu Verwaltungsfachangestellten ausbilden lassen wollen und dass Sie aus der Menge an Bewerbern ausgew\u00e4hlt wurden. Sie haben damit die erste H\u00fcrde genommen und es liegt jetzt bei Ihnen, was Sie daraus machen\u201c, sagte Landrat G\u00f6rig. \u201eDer Bedarf an guten Nachwuchskr\u00e4ften ist da, Sie haben beste Chancen f\u00fcr die Zukunft\u201c, erg\u00e4nzte er. Aus fast 100 Bewerberinnen und Bewerbern wurden die neuen Auszubildenden ausgew\u00e4hlt und starten im August ihre dreij\u00e4hrige Ausbildung: Anna-Lena Kleinschmidt aus Freiensteinau-Salz, Lena Tenberg aus Lauterbach, Annalena Losert aus Grebenhain-Hartmannshain, Jannik Petry aus Lautertal-Eichenrod, Nadja Ehlert aus Lauterbach-Heblos und Jan Henkelmann aus Bad Salzschlirf.<\/p>\n","protected":false},"excerpt":{"rendered":"<div class=\"tmnf_excerpt\"><p>Sechs junge Leute beginnen im Sommer ihre Ausbildung bei der Kreisverwaltung und waren zur Unterzeichnung ihres Ausbildungsvertrages in den Sitzungssaal des Landratsamtes nach Lauterbach gekommen. Landrat Manfred G\u00f6rig hie\u00df die neuen Auszubildenden und deren Eltern herzlich willkommen. \u201eIch freue mich, dass Sie sich bei uns zu Verwaltungsfachangestellten ausbilden lassen wollen und dass Sie aus der &hellip;<\/p>\n<\/div>","protected":false},"author":1,"featured_media":146873,"comment_status":"closed","ping_status":"closed","sticky":false,"template":"","format":"standard","meta":{"footnotes":""},"categories":[1],"tags":[],"class_list":["post-146868","post","type-post","status-publish","format-standard","has-post-thumbnail","hentry","category-startseite"],"_links":{"self":[{"href":"https:\/\/www.fuldaernachrichten.de\/index.php?rest_route=\/wp\/v2\/posts\/146868","targetHints":{"allow":["GET"]}}],"collection":[{"href":"https:\/\/www.fuldaernachrichten.de\/index.php?rest_route=\/wp\/v2\/posts"}],"about":[{"href":"https:\/\/www.fuldaernachrichten.de\/index.php?rest_route=\/wp\/v2\/types\/post"}],"author":[{"embeddable":true,"href":"https:\/\/www.fuldaernachrichten.de\/index.php?rest_route=\/wp\/v2\/users\/1"}],"replies":[{"embeddable":true,"href":"https:\/\/www.fuldaernachrichten.de\/index.php?rest_route=%2Fwp%2Fv2%2Fcomments&post=146868"}],"version-history":[{"count":1,"href":"https:\/\/www.fuldaernachrichten.de\/index.php?rest_route=\/wp\/v2\/posts\/146868\/revisions"}],"predecessor-version":[{"id":146877,"href":"https:\/\/www.fuldaernachrichten.de\/index.php?rest_route=\/wp\/v2\/posts\/146868\/revisions\/146877"}],"wp:featuredmedia":[{"embeddable":true,"href":"https:\/\/www.fuldaernachrichten.de\/index.php?rest_route=\/wp\/v2\/media\/146873"}],"wp:attachment":[{"href":"https:\/\/www.fuldaernachrichten.de\/index.php?rest_route=%2Fwp%2Fv2%2Fmedia&parent=146868"}],"wp:term":[{"taxonomy":"category","embeddable":true,"href":"https:\/\/www.fuldaernachrichten.de\/index.php?rest_route=%2Fwp%2Fv2%2Fcategories&post=146868"},{"taxonomy":"post_tag","embeddable":true,"href":"https:\/\/www.fuldaernachrichten.de\/index.php?rest_route=%2Fwp%2Fv2%2Ftags&post=146868"}],"curies":[{"name":"wp","href":"https:\/\/api.w.org\/{rel}","templated":true}]}}