{"id":146867,"date":"2016-01-04T23:52:24","date_gmt":"2016-01-04T22:52:24","guid":{"rendered":"http:\/\/www.fuldaer-nachrichten.de\/?p=146867"},"modified":"2016-01-04T23:52:24","modified_gmt":"2016-01-04T22:52:24","slug":"die-sternsinger-sind-unterwegs-3","status":"publish","type":"post","link":"https:\/\/www.fuldaernachrichten.de\/?p=146867","title":{"rendered":"Die Sternsinger sind unterwegs"},"content":{"rendered":"<p>Die Sternsinger Paul Schimanski, Malte Schimanski und Florian Farkas (vorne, von links) brachten heute dem Ersten Kreisbeigeordneten Peter Zielinski (Mitte hinten) ein St\u00e4ndchen: \u201eEs ist f\u00fcr uns eine Zeit angekommen, die bringt f\u00fcr uns eine gro\u00dfe Gnad: unsern Heiland Jesus Christ, der f\u00fcr uns Mensch geworden ist.\u201c Foto: Gaby Richter, Pressestelle Vogelsbergkreis.<\/p>\n<p>Mit ihren Begleitern Bernd Staubach und Philipp Stehling sind sie und weitere Sternsinger der Pfarrgemeinde Sankt Peter und Paul Lauterbach-Schlitz seit vergangenen Freitag unterwegs: In rund 3.000 Haushalten singen sie, spenden den Segen \u201eChristus segne dieses Haus\u201c und sammeln Geld f\u00fcr die mittlerweile 58. Aktion des Deutschen Sternsingerbundes. Die Aktion steht in diesem Jahr unter dem Motto \u201eRespekt f\u00fcr dich, f\u00fcr mich, f\u00fcr andere!\u201c Die Sternsinger m\u00f6chten darauf aufmerksam machen, wie wichtig gegenseitiger Respekt ist. Erster Kreisbeigeordneter Zielinski steuerte einen Geldbetrag und eine s\u00fc\u00dfe Wegzehrung bei und w\u00fcnschte den Sternsingern viel Erfolg mit ihrer Aktion.<\/p>\n<p>Bundesweite Tr\u00e4ger der Aktion Dreik\u00f6nigssingen sind das Kindermissionswerk \u201eDie Sternsinger\u201c und der Bund der Deutschen Katholischen Jugend (BDKJ). Seit ihrem Start 1959 hat sich die Aktion zur weltweit gr\u00f6\u00dften Solidarit\u00e4tsaktion von Kindern f\u00fcr Kinder entwickelt. Mit dem gesammelten Geld f\u00f6rdert die Aktion Dreik\u00f6nigssingen weltweit j\u00e4hrlich rund 1.800 Projekte f\u00fcr Not leidende Kinder in Afrika, Lateinamerika, Asien, Ozeanien und Osteuropa. Auch Stra\u00dfenkinder, Aids-Waisen, Kindersoldaten, M\u00e4dchen und Jungen, die nicht zur Schule gehen k\u00f6nnen, denen Wasser und Nahrung fehlen, die in Kriegs- und Krisengebieten oder ohne ein festes Dach \u00fcber dem Kopf aufwachsen werden aus Mitteln der Sternsingeraktion unterst\u00fctzt.<\/p>\n","protected":false},"excerpt":{"rendered":"<div class=\"tmnf_excerpt\"><p>Die Sternsinger Paul Schimanski, Malte Schimanski und Florian Farkas (vorne, von links) brachten heute dem Ersten Kreisbeigeordneten Peter Zielinski (Mitte hinten) ein St\u00e4ndchen: \u201eEs ist f\u00fcr uns eine Zeit angekommen, die bringt f\u00fcr uns eine gro\u00dfe Gnad: unsern Heiland Jesus Christ, der f\u00fcr uns Mensch geworden ist.\u201c Foto: Gaby Richter, Pressestelle Vogelsbergkreis. Mit ihren Begleitern &hellip;<\/p>\n<\/div>","protected":false},"author":1,"featured_media":146871,"comment_status":"closed","ping_status":"closed","sticky":false,"template":"","format":"standard","meta":{"footnotes":""},"categories":[1],"tags":[],"class_list":["post-146867","post","type-post","status-publish","format-standard","has-post-thumbnail","hentry","category-startseite"],"_links":{"self":[{"href":"https:\/\/www.fuldaernachrichten.de\/index.php?rest_route=\/wp\/v2\/posts\/146867","targetHints":{"allow":["GET"]}}],"collection":[{"href":"https:\/\/www.fuldaernachrichten.de\/index.php?rest_route=\/wp\/v2\/posts"}],"about":[{"href":"https:\/\/www.fuldaernachrichten.de\/index.php?rest_route=\/wp\/v2\/types\/post"}],"author":[{"embeddable":true,"href":"https:\/\/www.fuldaernachrichten.de\/index.php?rest_route=\/wp\/v2\/users\/1"}],"replies":[{"embeddable":true,"href":"https:\/\/www.fuldaernachrichten.de\/index.php?rest_route=%2Fwp%2Fv2%2Fcomments&post=146867"}],"version-history":[{"count":1,"href":"https:\/\/www.fuldaernachrichten.de\/index.php?rest_route=\/wp\/v2\/posts\/146867\/revisions"}],"predecessor-version":[{"id":146872,"href":"https:\/\/www.fuldaernachrichten.de\/index.php?rest_route=\/wp\/v2\/posts\/146867\/revisions\/146872"}],"wp:featuredmedia":[{"embeddable":true,"href":"https:\/\/www.fuldaernachrichten.de\/index.php?rest_route=\/wp\/v2\/media\/146871"}],"wp:attachment":[{"href":"https:\/\/www.fuldaernachrichten.de\/index.php?rest_route=%2Fwp%2Fv2%2Fmedia&parent=146867"}],"wp:term":[{"taxonomy":"category","embeddable":true,"href":"https:\/\/www.fuldaernachrichten.de\/index.php?rest_route=%2Fwp%2Fv2%2Fcategories&post=146867"},{"taxonomy":"post_tag","embeddable":true,"href":"https:\/\/www.fuldaernachrichten.de\/index.php?rest_route=%2Fwp%2Fv2%2Ftags&post=146867"}],"curies":[{"name":"wp","href":"https:\/\/api.w.org\/{rel}","templated":true}]}}