{"id":146866,"date":"2016-01-04T23:53:24","date_gmt":"2016-01-04T22:53:24","guid":{"rendered":"http:\/\/www.fuldaer-nachrichten.de\/?p=146866"},"modified":"2016-01-04T23:53:24","modified_gmt":"2016-01-04T22:53:24","slug":"heimatkalender-2016-erschienen","status":"publish","type":"post","link":"https:\/\/www.fuldaernachrichten.de\/?p=146866","title":{"rendered":"Heimatkalender 2016 erschienen"},"content":{"rendered":"<p>Der Heimatkalender 2016 des Regionalforums Fulda S\u00fcdwest mit Bildmotiven aus den Mitgliedgemeinden Bads Salzschlirf, Eichenzell, Flieden, Gro\u00dfenl\u00fcder, Hosenfeld, Kalbach und Neuhof ist erschienen. Er bietet f\u00fcr jeden Monat unter gro\u00dfformatige Fotos ein \u00fcbersichtliches Kalendarium mit viel Platz f\u00fcr pers\u00f6nliche Eintragungen. Der Wandkalender hat aufgeklappt ein Format DIN A3 und ist im Onlineshop des Regionalforums unter www.rffs.de\/shop, in den B\u00fcrgerb\u00fcros der Gemeindeverwaltungen sowie in der Tourismus Information Bad Salzschlirf zum Preis von 12,95 Euro erh\u00e4ltlich.<\/p>\n","protected":false},"excerpt":{"rendered":"<div class=\"tmnf_excerpt\"><p>Der Heimatkalender 2016 des Regionalforums Fulda S\u00fcdwest mit Bildmotiven aus den Mitgliedgemeinden Bads Salzschlirf, Eichenzell, Flieden, Gro\u00dfenl\u00fcder, Hosenfeld, Kalbach und Neuhof ist erschienen. Er bietet f\u00fcr jeden Monat unter gro\u00dfformatige Fotos ein \u00fcbersichtliches Kalendarium mit viel Platz f\u00fcr pers\u00f6nliche Eintragungen. Der Wandkalender hat aufgeklappt ein Format DIN A3 und ist im Onlineshop des Regionalforums unter &hellip;<\/p>\n<\/div>","protected":false},"author":1,"featured_media":146870,"comment_status":"closed","ping_status":"closed","sticky":false,"template":"","format":"standard","meta":{"footnotes":""},"categories":[1],"tags":[],"class_list":["post-146866","post","type-post","status-publish","format-standard","has-post-thumbnail","hentry","category-startseite"],"_links":{"self":[{"href":"https:\/\/www.fuldaernachrichten.de\/index.php?rest_route=\/wp\/v2\/posts\/146866","targetHints":{"allow":["GET"]}}],"collection":[{"href":"https:\/\/www.fuldaernachrichten.de\/index.php?rest_route=\/wp\/v2\/posts"}],"about":[{"href":"https:\/\/www.fuldaernachrichten.de\/index.php?rest_route=\/wp\/v2\/types\/post"}],"author":[{"embeddable":true,"href":"https:\/\/www.fuldaernachrichten.de\/index.php?rest_route=\/wp\/v2\/users\/1"}],"replies":[{"embeddable":true,"href":"https:\/\/www.fuldaernachrichten.de\/index.php?rest_route=%2Fwp%2Fv2%2Fcomments&post=146866"}],"version-history":[{"count":1,"href":"https:\/\/www.fuldaernachrichten.de\/index.php?rest_route=\/wp\/v2\/posts\/146866\/revisions"}],"predecessor-version":[{"id":146875,"href":"https:\/\/www.fuldaernachrichten.de\/index.php?rest_route=\/wp\/v2\/posts\/146866\/revisions\/146875"}],"wp:featuredmedia":[{"embeddable":true,"href":"https:\/\/www.fuldaernachrichten.de\/index.php?rest_route=\/wp\/v2\/media\/146870"}],"wp:attachment":[{"href":"https:\/\/www.fuldaernachrichten.de\/index.php?rest_route=%2Fwp%2Fv2%2Fmedia&parent=146866"}],"wp:term":[{"taxonomy":"category","embeddable":true,"href":"https:\/\/www.fuldaernachrichten.de\/index.php?rest_route=%2Fwp%2Fv2%2Fcategories&post=146866"},{"taxonomy":"post_tag","embeddable":true,"href":"https:\/\/www.fuldaernachrichten.de\/index.php?rest_route=%2Fwp%2Fv2%2Ftags&post=146866"}],"curies":[{"name":"wp","href":"https:\/\/api.w.org\/{rel}","templated":true}]}}